{"id":16738,"date":"2019-02-04T12:48:24","date_gmt":"2019-02-04T12:48:24","guid":{"rendered":"https:\/\/sertv.gob.pa\/crisolfm\/?p=16738"},"modified":"2019-02-04T12:48:24","modified_gmt":"2019-02-04T12:48:24","slug":"la-berlinale-da-un-salto-con-una-fuerte-seleccion-de-mujeres-cineastas","status":"publish","type":"post","link":"https:\/\/sertv.gob.pa\/crisolfm\/la-berlinale-da-un-salto-con-una-fuerte-seleccion-de-mujeres-cineastas\/","title":{"rendered":"La Berlinale da un salto con una fuerte selecci\u00f3n de mujeres cineastas"},"content":{"rendered":"<p>El festival de cine de Berl\u00edn se abrir\u00e1 el pr\u00f3ximo jueves con m\u00e1s directoras que nunca, el estreno de Netflix en la competici\u00f3n oficial con una cinta de Isabel Coixet y un pu\u00f1ado de filmes latinoamericanos que exploran la homosexualidad. Elisa y Marcela, de la consagrada directora espa\u00f1ola, ser\u00e1 la \u00fanica cinta iberoamericana que competir\u00e1 por el Oso de Oro de la Berlinale. Coixet narra en su \u00faltimo filme la historia del primer matrimonio homosexual documentado en Espa\u00f1a, que se produjo en 1901 entre dos profesoras. La directora de Cosas que nunca te dije y de la m\u00e1s reciente La librer\u00eda es una de las siete cineastas en liza por el m\u00e1ximo galard\u00f3n de un total de 17 (41%), un r\u00e9cord para este certamen que celebra su 69\u00aa edici\u00f3n.<\/p>\n<p>En comparaci\u00f3n, Cannes cont\u00f3 el a\u00f1o pasado con 14% de pel\u00edculas dirigidas por mujeres en competici\u00f3n por la Palma de Oro y Venecia, menos de 5% aspirantes al Le\u00f3n de Oro. \u00abLos debates del a\u00f1o pasado nos abrieron los ojos y cuando esto sucede, se toman otras decisiones\u00bb, dijo a la AFP Dieter Kosslick, director de la Berlinale, en alusi\u00f3n al movimiento #MeToo y tambi\u00e9n al #TimesUp contra la discriminaci\u00f3n de g\u00e9nero en la industria del cine. \u00abPero no lo habr\u00edamos hecho si las pel\u00edculas fueran malas\u00bb, asegur\u00f3 Kosslick, de 70 a\u00f1os, que dejar\u00e1 el cargo al final de esta edici\u00f3n, despu\u00e9s de 18 a\u00f1os al frente. En los dos \u00faltimos a\u00f1os, dos directoras se llevaron el Oso de Oro: la h\u00fangara Ildiko Enyedi ( On body and soul) y la rumana Adina Pintilie ( Touch me not).<\/p>\n<p>&nbsp;<\/p>\n<p>AFP<\/p>\n","protected":false},"excerpt":{"rendered":"<p>El festival de cine de Berl\u00edn se abrir\u00e1 el pr\u00f3ximo <a href=\"https:\/\/sertv.gob.pa\/crisolfm\/la-berlinale-da-un-salto-con-una-fuerte-seleccion-de-mujeres-cineastas\/\"> [&#8230;]<\/a><\/p>\n","protected":false},"author":64,"featured_media":16740,"comment_status":"closed","ping_status":"closed","sticky":false,"template":"","format":"standard","meta":{"footnotes":""},"categories":[6],"tags":[],"class_list":["post-16738","post","type-post","status-publish","format-standard","has-post-thumbnail","hentry","category-culturales"],"_links":{"self":[{"href":"https:\/\/sertv.gob.pa\/crisolfm\/wp-json\/wp\/v2\/posts\/16738","targetHints":{"allow":["GET"]}}],"collection":[{"href":"https:\/\/sertv.gob.pa\/crisolfm\/wp-json\/wp\/v2\/posts"}],"about":[{"href":"https:\/\/sertv.gob.pa\/crisolfm\/wp-json\/wp\/v2\/types\/post"}],"author":[{"embeddable":true,"href":"https:\/\/sertv.gob.pa\/crisolfm\/wp-json\/wp\/v2\/users\/64"}],"replies":[{"embeddable":true,"href":"https:\/\/sertv.gob.pa\/crisolfm\/wp-json\/wp\/v2\/comments?post=16738"}],"version-history":[{"count":1,"href":"https:\/\/sertv.gob.pa\/crisolfm\/wp-json\/wp\/v2\/posts\/16738\/revisions"}],"predecessor-version":[{"id":16741,"href":"https:\/\/sertv.gob.pa\/crisolfm\/wp-json\/wp\/v2\/posts\/16738\/revisions\/16741"}],"wp:featuredmedia":[{"embeddable":true,"href":"https:\/\/sertv.gob.pa\/crisolfm\/wp-json\/wp\/v2\/media\/16740"}],"wp:attachment":[{"href":"https:\/\/sertv.gob.pa\/crisolfm\/wp-json\/wp\/v2\/media?parent=16738"}],"wp:term":[{"taxonomy":"category","embeddable":true,"href":"https:\/\/sertv.gob.pa\/crisolfm\/wp-json\/wp\/v2\/categories?post=16738"},{"taxonomy":"post_tag","embeddable":true,"href":"https:\/\/sertv.gob.pa\/crisolfm\/wp-json\/wp\/v2\/tags?post=16738"}],"curies":[{"name":"wp","href":"https:\/\/api.w.org\/{rel}","templated":true}]}}