{"id":16742,"date":"2019-02-04T13:02:08","date_gmt":"2019-02-04T13:02:08","guid":{"rendered":"https:\/\/sertv.gob.pa\/crisolfm\/?p=16742"},"modified":"2019-02-04T13:02:08","modified_gmt":"2019-02-04T13:02:08","slug":"panama-presente-en-la-feria-internacional-de-turismo","status":"publish","type":"post","link":"https:\/\/sertv.gob.pa\/crisolfm\/panama-presente-en-la-feria-internacional-de-turismo\/","title":{"rendered":"Panam\u00e1 presente en la Feria Internacional de Turismo"},"content":{"rendered":"<p>La feria internacional de turismo \u201cFitur\u201d, una de las m\u00e1s importantes del mundo en el sector, abri\u00f3 las puertas de su 39 edici\u00f3n, la mayor hasta ahora, y con la Rep\u00fablica Dominicana como pa\u00eds invitado. Los reyes Felipe y Letizia inauguraron la feria, a la que acudieron acompa\u00f1ados del ministro dominicano de Turismo, Francisco Javier Garc\u00eda, del secretario general de la Organizaci\u00f3n Mundial del Turismo (OMT), Zurab Pololikashvili, y de la ministra espa\u00f1ola de Industria, Comercio y Turismo, Reyes Maroto.<\/p>\n<p>El ministro dominicano destac\u00f3 en unas declaraciones que su pa\u00eds es el primero de Latinoam\u00e9rica en ser socio (invitado) de Fitur, y dijo que se trata de \u2018una distinci\u00f3n&#8217; y \u2018un privilegio que le permite una promoci\u00f3n conjunta en toda la feria&#8217;. En esta edici\u00f3n Fitur, feria que concluy\u00f3 ayer domingo, es la m\u00e1s amplia celebrada hasta ahora, con 886 expositores y 10,500 empresas procedentes de 165 pa\u00edses y regiones, incluida Panam\u00e1. El Istmo ofreci\u00f3 al mundo su cultura, historia, las fiestas tradicionales del pa\u00eds, naturaleza y deportes de aventura para fortalecer el turismo de ocio e incrementar las noches de alojamiento de los viajeros extranjeros.<\/p>\n<p>EFE<\/p>\n<p>&nbsp;<\/p>\n","protected":false},"excerpt":{"rendered":"<p>La feria internacional de turismo \u201cFitur\u201d, una de las m\u00e1s <a href=\"https:\/\/sertv.gob.pa\/crisolfm\/panama-presente-en-la-feria-internacional-de-turismo\/\"> [&#8230;]<\/a><\/p>\n","protected":false},"author":64,"featured_media":16744,"comment_status":"closed","ping_status":"closed","sticky":false,"template":"","format":"standard","meta":{"footnotes":""},"categories":[6],"tags":[],"class_list":["post-16742","post","type-post","status-publish","format-standard","has-post-thumbnail","hentry","category-culturales"],"_links":{"self":[{"href":"https:\/\/sertv.gob.pa\/crisolfm\/wp-json\/wp\/v2\/posts\/16742","targetHints":{"allow":["GET"]}}],"collection":[{"href":"https:\/\/sertv.gob.pa\/crisolfm\/wp-json\/wp\/v2\/posts"}],"about":[{"href":"https:\/\/sertv.gob.pa\/crisolfm\/wp-json\/wp\/v2\/types\/post"}],"author":[{"embeddable":true,"href":"https:\/\/sertv.gob.pa\/crisolfm\/wp-json\/wp\/v2\/users\/64"}],"replies":[{"embeddable":true,"href":"https:\/\/sertv.gob.pa\/crisolfm\/wp-json\/wp\/v2\/comments?post=16742"}],"version-history":[{"count":1,"href":"https:\/\/sertv.gob.pa\/crisolfm\/wp-json\/wp\/v2\/posts\/16742\/revisions"}],"predecessor-version":[{"id":16745,"href":"https:\/\/sertv.gob.pa\/crisolfm\/wp-json\/wp\/v2\/posts\/16742\/revisions\/16745"}],"wp:featuredmedia":[{"embeddable":true,"href":"https:\/\/sertv.gob.pa\/crisolfm\/wp-json\/wp\/v2\/media\/16744"}],"wp:attachment":[{"href":"https:\/\/sertv.gob.pa\/crisolfm\/wp-json\/wp\/v2\/media?parent=16742"}],"wp:term":[{"taxonomy":"category","embeddable":true,"href":"https:\/\/sertv.gob.pa\/crisolfm\/wp-json\/wp\/v2\/categories?post=16742"},{"taxonomy":"post_tag","embeddable":true,"href":"https:\/\/sertv.gob.pa\/crisolfm\/wp-json\/wp\/v2\/tags?post=16742"}],"curies":[{"name":"wp","href":"https:\/\/api.w.org\/{rel}","templated":true}]}}