{"id":16746,"date":"2019-02-04T13:10:17","date_gmt":"2019-02-04T13:10:17","guid":{"rendered":"https:\/\/sertv.gob.pa\/crisolfm\/?p=16746"},"modified":"2019-02-04T13:10:17","modified_gmt":"2019-02-04T13:10:17","slug":"el-siglo-de-oro-holandes-irrumpe-en-belgica","status":"publish","type":"post","link":"https:\/\/sertv.gob.pa\/crisolfm\/el-siglo-de-oro-holandes-irrumpe-en-belgica\/","title":{"rendered":"El Siglo de Oro holand\u00e9s irrumpe en B\u00e9lgica"},"content":{"rendered":"<p>Pinturas de Rembrandt, Frans Hals o Nicolaes Maes producidas a lo largo del Siglo de Oro holand\u00e9s aterrizaron el viernes en los Museos Reales de Bellas Artes de B\u00e9lgica coincidiendo con el a\u00f1o Rembrandt, que conmemora el 350 aniversario de la muerte del maestro barroco.<\/p>\n<p>Conocido como el pintor de la luz, Rembrandt fue uno de los grandes artistas de la Edad de Oro holandesa en el siglo XVII, un periodo de boyante expansi\u00f3n cultural, cient\u00edfica, comercial y pol\u00edtica, en el que tambi\u00e9n despuntaron nombres como el de Frans Hals, Rembrandt van Rijn, Nicolaes Maes, Abraham Bloemaert, Jan van Goyen, Jacob van Ruisdael o Pieter de Hooch. Retratos, paisajes, naturalezas muertas y pinturas de g\u00e9nero fruto de las pinceladas de estos artistas podr\u00e1n visitarse ese espacio cultural de Bruselas hasta mayo.<\/p>\n<p>EFE<\/p>\n","protected":false},"excerpt":{"rendered":"<p>Pinturas de Rembrandt, Frans Hals o Nicolaes Maes producidas a <a href=\"https:\/\/sertv.gob.pa\/crisolfm\/el-siglo-de-oro-holandes-irrumpe-en-belgica\/\"> [&#8230;]<\/a><\/p>\n","protected":false},"author":64,"featured_media":16748,"comment_status":"closed","ping_status":"closed","sticky":false,"template":"","format":"standard","meta":{"footnotes":""},"categories":[6],"tags":[],"class_list":["post-16746","post","type-post","status-publish","format-standard","has-post-thumbnail","hentry","category-culturales"],"_links":{"self":[{"href":"https:\/\/sertv.gob.pa\/crisolfm\/wp-json\/wp\/v2\/posts\/16746","targetHints":{"allow":["GET"]}}],"collection":[{"href":"https:\/\/sertv.gob.pa\/crisolfm\/wp-json\/wp\/v2\/posts"}],"about":[{"href":"https:\/\/sertv.gob.pa\/crisolfm\/wp-json\/wp\/v2\/types\/post"}],"author":[{"embeddable":true,"href":"https:\/\/sertv.gob.pa\/crisolfm\/wp-json\/wp\/v2\/users\/64"}],"replies":[{"embeddable":true,"href":"https:\/\/sertv.gob.pa\/crisolfm\/wp-json\/wp\/v2\/comments?post=16746"}],"version-history":[{"count":1,"href":"https:\/\/sertv.gob.pa\/crisolfm\/wp-json\/wp\/v2\/posts\/16746\/revisions"}],"predecessor-version":[{"id":16749,"href":"https:\/\/sertv.gob.pa\/crisolfm\/wp-json\/wp\/v2\/posts\/16746\/revisions\/16749"}],"wp:featuredmedia":[{"embeddable":true,"href":"https:\/\/sertv.gob.pa\/crisolfm\/wp-json\/wp\/v2\/media\/16748"}],"wp:attachment":[{"href":"https:\/\/sertv.gob.pa\/crisolfm\/wp-json\/wp\/v2\/media?parent=16746"}],"wp:term":[{"taxonomy":"category","embeddable":true,"href":"https:\/\/sertv.gob.pa\/crisolfm\/wp-json\/wp\/v2\/categories?post=16746"},{"taxonomy":"post_tag","embeddable":true,"href":"https:\/\/sertv.gob.pa\/crisolfm\/wp-json\/wp\/v2\/tags?post=16746"}],"curies":[{"name":"wp","href":"https:\/\/api.w.org\/{rel}","templated":true}]}}