{"id":16796,"date":"2019-02-05T12:37:16","date_gmt":"2019-02-05T12:37:16","guid":{"rendered":"https:\/\/sertv.gob.pa\/crisolfm\/?p=16796"},"modified":"2019-02-05T12:37:16","modified_gmt":"2019-02-05T12:37:16","slug":"panama-sera-por-primera-vez-sede-del-festival-mundial-de-culturas","status":"publish","type":"post","link":"https:\/\/sertv.gob.pa\/crisolfm\/panama-sera-por-primera-vez-sede-del-festival-mundial-de-culturas\/","title":{"rendered":"Panam\u00e1 ser\u00e1 por primera vez sede del Festival Mundial de Culturas"},"content":{"rendered":"<p>El Festival Mundial de Culturas, organizado por la Fraternidad Internacional de J\u00f3venes IYF (International Youth Fellowship, por sus siglas en ingles), desarrollar\u00e1 por primera vez en Panam\u00e1 un encuentro con m\u00e1s de dos mil j\u00f3venes que los convoca a participar en distintos eventos culturales y acad\u00e9micos. Esta cita internacional se ha efectuado en m\u00e1s de 40 pa\u00edses. El coordinador de medios IYF Latinoam\u00e9rica, Eduardo Arellano, se\u00f1al\u00f3 que la actividad tendr\u00e1 conferencias, inducciones de idiomas, presentaciones a cargo del \u2018Coro Gracias&#8217;, de Corea del Sur, y grupos de bailes que mezclar\u00e1n el taekwondo con la danza y participaci\u00f3n en tarima de delegaciones de bailes paname\u00f1os.<\/p>\n<p>La cita es del 11 al 13 de febrero, en el teatro Anayansi del Centro de Convenciones Atlapa, desde las 8:00 a.m. A partir de las 6:00 p.m., la entrada ser\u00e1 gratuita al p\u00fablico en general, para las presentaciones culturales. El concierto del \u2018Coro Gracias&#8217; ser\u00e1 el espect\u00e1culo cumbre del encuentro y se llevar\u00e1 a cabo el 13 de febrero. Los cupos son limitados, puesto que el auditorio solo tiene capacidad para unas 2,500 personas. Los interesados deben retirar su boleto en la sede de IYF Panam\u00e1, ubicada en Cerro Viento, en el corregimiento de Juan D\u00edaz, o el mismo d\u00eda del evento.<\/p>\n<p>&nbsp;<\/p>\n","protected":false},"excerpt":{"rendered":"<p>El Festival Mundial de Culturas, organizado por la Fraternidad Internacional <a href=\"https:\/\/sertv.gob.pa\/crisolfm\/panama-sera-por-primera-vez-sede-del-festival-mundial-de-culturas\/\"> [&#8230;]<\/a><\/p>\n","protected":false},"author":64,"featured_media":16798,"comment_status":"closed","ping_status":"closed","sticky":false,"template":"","format":"standard","meta":{"footnotes":""},"categories":[6],"tags":[],"class_list":["post-16796","post","type-post","status-publish","format-standard","has-post-thumbnail","hentry","category-culturales"],"_links":{"self":[{"href":"https:\/\/sertv.gob.pa\/crisolfm\/wp-json\/wp\/v2\/posts\/16796","targetHints":{"allow":["GET"]}}],"collection":[{"href":"https:\/\/sertv.gob.pa\/crisolfm\/wp-json\/wp\/v2\/posts"}],"about":[{"href":"https:\/\/sertv.gob.pa\/crisolfm\/wp-json\/wp\/v2\/types\/post"}],"author":[{"embeddable":true,"href":"https:\/\/sertv.gob.pa\/crisolfm\/wp-json\/wp\/v2\/users\/64"}],"replies":[{"embeddable":true,"href":"https:\/\/sertv.gob.pa\/crisolfm\/wp-json\/wp\/v2\/comments?post=16796"}],"version-history":[{"count":1,"href":"https:\/\/sertv.gob.pa\/crisolfm\/wp-json\/wp\/v2\/posts\/16796\/revisions"}],"predecessor-version":[{"id":16799,"href":"https:\/\/sertv.gob.pa\/crisolfm\/wp-json\/wp\/v2\/posts\/16796\/revisions\/16799"}],"wp:featuredmedia":[{"embeddable":true,"href":"https:\/\/sertv.gob.pa\/crisolfm\/wp-json\/wp\/v2\/media\/16798"}],"wp:attachment":[{"href":"https:\/\/sertv.gob.pa\/crisolfm\/wp-json\/wp\/v2\/media?parent=16796"}],"wp:term":[{"taxonomy":"category","embeddable":true,"href":"https:\/\/sertv.gob.pa\/crisolfm\/wp-json\/wp\/v2\/categories?post=16796"},{"taxonomy":"post_tag","embeddable":true,"href":"https:\/\/sertv.gob.pa\/crisolfm\/wp-json\/wp\/v2\/tags?post=16796"}],"curies":[{"name":"wp","href":"https:\/\/api.w.org\/{rel}","templated":true}]}}