{"id":16800,"date":"2019-02-05T13:08:34","date_gmt":"2019-02-05T13:08:34","guid":{"rendered":"https:\/\/sertv.gob.pa\/crisolfm\/?p=16800"},"modified":"2019-02-05T13:08:34","modified_gmt":"2019-02-05T13:08:34","slug":"por-primera-vez-en-panama-el-proyecto-mundial-inside-out-project","status":"publish","type":"post","link":"https:\/\/sertv.gob.pa\/crisolfm\/por-primera-vez-en-panama-el-proyecto-mundial-inside-out-project\/","title":{"rendered":"Por primera vez en Panam\u00e1 el proyecto mundial \u201cInside Out Project\u201d"},"content":{"rendered":"<p>La Alianza Francesa presentar\u00e1 por primera vez en Panam\u00e1 el proyecto mundial \u201cInside Out Project\u201d, con el que dar\u00e1n a conocer la riqueza multicultural de nuestro pa\u00eds a trav\u00e9s de rostros. La responsable cultural de la Alianza Francesa, Juliette Ozanne, explic\u00f3 que mediante una convocatoria recibieron alrededor de 100 trabajos, escogidos de entre 15 fot\u00f3grafos paname\u00f1os, quienes se encargaron de captar los rostros de personas; luego se enviaron a la fundaci\u00f3n para imprimirlos y as\u00ed pegarlos. La actividad al aire libre ser\u00e1 este 9 de febrero en Santa Ana, Calle 14 Oeste, detr\u00e1s del Machetazo.<\/p>\n<p>Este evento igualmente forma parte de la celebraci\u00f3n de los 500 a\u00f1os de la ciudad de Panam\u00e1 y su elecci\u00f3n como capital iberoamericana de la cultura. Las paredes donde se pegar\u00e1n ser\u00e1 en el futuro Centro Cultural Internacional. La actividad, abierta para todas las personas, iniciar\u00e1 desde las 2:00 p.m., y contar\u00e1 con agua y m\u00fasica de fondo para animarlos.<\/p>\n<p>&nbsp;<\/p>\n<p>&nbsp;<\/p>\n","protected":false},"excerpt":{"rendered":"<p>La Alianza Francesa presentar\u00e1 por primera vez en Panam\u00e1 el <a href=\"https:\/\/sertv.gob.pa\/crisolfm\/por-primera-vez-en-panama-el-proyecto-mundial-inside-out-project\/\"> [&#8230;]<\/a><\/p>\n","protected":false},"author":64,"featured_media":16802,"comment_status":"closed","ping_status":"closed","sticky":false,"template":"","format":"standard","meta":{"footnotes":""},"categories":[6],"tags":[],"class_list":["post-16800","post","type-post","status-publish","format-standard","has-post-thumbnail","hentry","category-culturales"],"_links":{"self":[{"href":"https:\/\/sertv.gob.pa\/crisolfm\/wp-json\/wp\/v2\/posts\/16800","targetHints":{"allow":["GET"]}}],"collection":[{"href":"https:\/\/sertv.gob.pa\/crisolfm\/wp-json\/wp\/v2\/posts"}],"about":[{"href":"https:\/\/sertv.gob.pa\/crisolfm\/wp-json\/wp\/v2\/types\/post"}],"author":[{"embeddable":true,"href":"https:\/\/sertv.gob.pa\/crisolfm\/wp-json\/wp\/v2\/users\/64"}],"replies":[{"embeddable":true,"href":"https:\/\/sertv.gob.pa\/crisolfm\/wp-json\/wp\/v2\/comments?post=16800"}],"version-history":[{"count":1,"href":"https:\/\/sertv.gob.pa\/crisolfm\/wp-json\/wp\/v2\/posts\/16800\/revisions"}],"predecessor-version":[{"id":16803,"href":"https:\/\/sertv.gob.pa\/crisolfm\/wp-json\/wp\/v2\/posts\/16800\/revisions\/16803"}],"wp:featuredmedia":[{"embeddable":true,"href":"https:\/\/sertv.gob.pa\/crisolfm\/wp-json\/wp\/v2\/media\/16802"}],"wp:attachment":[{"href":"https:\/\/sertv.gob.pa\/crisolfm\/wp-json\/wp\/v2\/media?parent=16800"}],"wp:term":[{"taxonomy":"category","embeddable":true,"href":"https:\/\/sertv.gob.pa\/crisolfm\/wp-json\/wp\/v2\/categories?post=16800"},{"taxonomy":"post_tag","embeddable":true,"href":"https:\/\/sertv.gob.pa\/crisolfm\/wp-json\/wp\/v2\/tags?post=16800"}],"curies":[{"name":"wp","href":"https:\/\/api.w.org\/{rel}","templated":true}]}}