{"id":16844,"date":"2019-02-06T12:22:30","date_gmt":"2019-02-06T12:22:30","guid":{"rendered":"https:\/\/sertv.gob.pa\/crisolfm\/?p=16844"},"modified":"2019-02-06T12:22:30","modified_gmt":"2019-02-06T12:22:30","slug":"museo-de-arte-moderno-de-nueva-york-cerrara-4-meses-por-ampliacion","status":"publish","type":"post","link":"https:\/\/sertv.gob.pa\/crisolfm\/museo-de-arte-moderno-de-nueva-york-cerrara-4-meses-por-ampliacion\/","title":{"rendered":"Museo de Arte Moderno de Nueva York cerrar\u00e1 4 meses por ampliaci\u00f3n"},"content":{"rendered":"<p>El Museo de Arte Moderno de Nueva York va a cerrar sus puertas durante cuatro meses, de mediados de junio a finales de octubre, mientras completa la \u00faltima fase de trabajos de ampliaci\u00f3n, seg\u00fan un comunicado publicado este martes. En la reapertura, el 21 de octubre, el museo contar\u00e1 con 3 mil 600 metros cuadrados de exposici\u00f3n adicionales, un tercio m\u00e1s de lo que tiene actualmente (12 mil 500 m2). \u00a0El cierre temporal del museo iniciar\u00e1 el 15 de junio, fecha en la que finalizar\u00e1n todas las exposiciones temporales de primavera, especialmente \u00abBirth of the World\u00bb dedicada al artista espa\u00f1ol Joan Mir\u00f3.<\/p>\n<p>El proyecto, con un costo de 400 millones de d\u00f3lares en total, tiene la intenci\u00f3n no solo de a\u00f1adir galer\u00edas al museo sino tambi\u00e9n de favorecer el di\u00e1logo entre las diferentes formas de arte visual, adem\u00e1s de la pintura, tambi\u00e9n la arquitectura, escultura, fotograf\u00eda y dise\u00f1o. El MoMA dispondr\u00e1 igualmente en su interior de un nuevo lugar llamado The Studio, que albergar\u00e1 espect\u00e1culos en vivo y proyecciones. Otro objetivo es reconectar a la instituci\u00f3n con la ciudad mediante la creaci\u00f3n de galer\u00eda situadas en la planta baja accesibles y gratuitas, a diferencia de otros espacios.<\/p>\n<p>&nbsp;<\/p>\n<p>AFP<\/p>\n","protected":false},"excerpt":{"rendered":"<p>El Museo de Arte Moderno de Nueva York va a <a href=\"https:\/\/sertv.gob.pa\/crisolfm\/museo-de-arte-moderno-de-nueva-york-cerrara-4-meses-por-ampliacion\/\"> [&#8230;]<\/a><\/p>\n","protected":false},"author":64,"featured_media":16846,"comment_status":"closed","ping_status":"closed","sticky":false,"template":"","format":"standard","meta":{"footnotes":""},"categories":[6],"tags":[],"class_list":["post-16844","post","type-post","status-publish","format-standard","has-post-thumbnail","hentry","category-culturales"],"_links":{"self":[{"href":"https:\/\/sertv.gob.pa\/crisolfm\/wp-json\/wp\/v2\/posts\/16844","targetHints":{"allow":["GET"]}}],"collection":[{"href":"https:\/\/sertv.gob.pa\/crisolfm\/wp-json\/wp\/v2\/posts"}],"about":[{"href":"https:\/\/sertv.gob.pa\/crisolfm\/wp-json\/wp\/v2\/types\/post"}],"author":[{"embeddable":true,"href":"https:\/\/sertv.gob.pa\/crisolfm\/wp-json\/wp\/v2\/users\/64"}],"replies":[{"embeddable":true,"href":"https:\/\/sertv.gob.pa\/crisolfm\/wp-json\/wp\/v2\/comments?post=16844"}],"version-history":[{"count":1,"href":"https:\/\/sertv.gob.pa\/crisolfm\/wp-json\/wp\/v2\/posts\/16844\/revisions"}],"predecessor-version":[{"id":16847,"href":"https:\/\/sertv.gob.pa\/crisolfm\/wp-json\/wp\/v2\/posts\/16844\/revisions\/16847"}],"wp:featuredmedia":[{"embeddable":true,"href":"https:\/\/sertv.gob.pa\/crisolfm\/wp-json\/wp\/v2\/media\/16846"}],"wp:attachment":[{"href":"https:\/\/sertv.gob.pa\/crisolfm\/wp-json\/wp\/v2\/media?parent=16844"}],"wp:term":[{"taxonomy":"category","embeddable":true,"href":"https:\/\/sertv.gob.pa\/crisolfm\/wp-json\/wp\/v2\/categories?post=16844"},{"taxonomy":"post_tag","embeddable":true,"href":"https:\/\/sertv.gob.pa\/crisolfm\/wp-json\/wp\/v2\/tags?post=16844"}],"curies":[{"name":"wp","href":"https:\/\/api.w.org\/{rel}","templated":true}]}}