{"id":16848,"date":"2019-02-06T12:38:47","date_gmt":"2019-02-06T12:38:47","guid":{"rendered":"https:\/\/sertv.gob.pa\/crisolfm\/?p=16848"},"modified":"2019-02-06T12:38:47","modified_gmt":"2019-02-06T12:38:47","slug":"todo-listo-para-el-festival-de-vina-del-mar-show","status":"publish","type":"post","link":"https:\/\/sertv.gob.pa\/crisolfm\/todo-listo-para-el-festival-de-vina-del-mar-show\/","title":{"rendered":"Todo listo para el Festival de Vi\u00f1a del Mar-SHOW"},"content":{"rendered":"<p>El Festival Internacional de la Canci\u00f3n de Vi\u00f1a del Mar cumple 60 a\u00f1os de transmisi\u00f3n y contar\u00e1 con un despliegue de estrellas de la m\u00fasica en su m\u00edtico escenario. Entre el 24 de febrero y el 1 de marzo de 2019, el grupo estadounidense Backstreet Boys; el estadounidense de origen puertorrique\u00f1o Marc Anthony; el mexicano Marco Antonio Sol\u00eds; los espa\u00f1oles David Bisbal y Raphael; el d\u00fao de reggaeton Wisin y Yandel; y el puertorrique\u00f1o Bad Bunny, encabezar\u00e1n las galas del evento latino. Otros reconocidos artistas que igualmente participar\u00e1n son: la estadounidense Becky G, el colombiano Sebasti\u00e1n Yatra, los mexicanos Yuri y Carlos Rivera y la chilena Camila Gallardo, quienes adem\u00e1s, formar\u00e1n parte del jurado del festival.<\/p>\n<p>Por su parte, la ex Miss Universo y embajadora de los latinoamericanos en el mundo, Paulina Vega, y el popular conductor de televisi\u00f3n chileno, Rafael Araneda, estar\u00e1n al frente de un preshow exclusivo que presentar\u00e1n desde el set principal ubicado en el centro del anfiteatro. Se trata de \u2018Vi\u00f1a 2019 &#8211; La Previa&#8217;, un show que mostrar\u00e1 todo lo que ocurre en Vi\u00f1a del Mar antes de que inicie cada gala del festival y la enorme expectativa que se genera cada noche. El Festival Internacional de la Canci\u00f3n de Vi\u00f1a del Mar, es un certamen musical organizado por el municipio de Vi\u00f1a del Mar, localizado en la regi\u00f3n de Valpara\u00edso, Chile.<\/p>\n<p>&nbsp;<\/p>\n","protected":false},"excerpt":{"rendered":"<p>El Festival Internacional de la Canci\u00f3n de Vi\u00f1a del Mar <a href=\"https:\/\/sertv.gob.pa\/crisolfm\/todo-listo-para-el-festival-de-vina-del-mar-show\/\"> [&#8230;]<\/a><\/p>\n","protected":false},"author":64,"featured_media":16851,"comment_status":"closed","ping_status":"closed","sticky":false,"template":"","format":"standard","meta":{"footnotes":""},"categories":[6],"tags":[],"class_list":["post-16848","post","type-post","status-publish","format-standard","has-post-thumbnail","hentry","category-culturales"],"_links":{"self":[{"href":"https:\/\/sertv.gob.pa\/crisolfm\/wp-json\/wp\/v2\/posts\/16848","targetHints":{"allow":["GET"]}}],"collection":[{"href":"https:\/\/sertv.gob.pa\/crisolfm\/wp-json\/wp\/v2\/posts"}],"about":[{"href":"https:\/\/sertv.gob.pa\/crisolfm\/wp-json\/wp\/v2\/types\/post"}],"author":[{"embeddable":true,"href":"https:\/\/sertv.gob.pa\/crisolfm\/wp-json\/wp\/v2\/users\/64"}],"replies":[{"embeddable":true,"href":"https:\/\/sertv.gob.pa\/crisolfm\/wp-json\/wp\/v2\/comments?post=16848"}],"version-history":[{"count":1,"href":"https:\/\/sertv.gob.pa\/crisolfm\/wp-json\/wp\/v2\/posts\/16848\/revisions"}],"predecessor-version":[{"id":16852,"href":"https:\/\/sertv.gob.pa\/crisolfm\/wp-json\/wp\/v2\/posts\/16848\/revisions\/16852"}],"wp:featuredmedia":[{"embeddable":true,"href":"https:\/\/sertv.gob.pa\/crisolfm\/wp-json\/wp\/v2\/media\/16851"}],"wp:attachment":[{"href":"https:\/\/sertv.gob.pa\/crisolfm\/wp-json\/wp\/v2\/media?parent=16848"}],"wp:term":[{"taxonomy":"category","embeddable":true,"href":"https:\/\/sertv.gob.pa\/crisolfm\/wp-json\/wp\/v2\/categories?post=16848"},{"taxonomy":"post_tag","embeddable":true,"href":"https:\/\/sertv.gob.pa\/crisolfm\/wp-json\/wp\/v2\/tags?post=16848"}],"curies":[{"name":"wp","href":"https:\/\/api.w.org\/{rel}","templated":true}]}}