{"id":16861,"date":"2019-02-06T13:26:11","date_gmt":"2019-02-06T13:26:11","guid":{"rendered":"https:\/\/sertv.gob.pa\/crisolfm\/?p=16861"},"modified":"2019-02-06T13:26:11","modified_gmt":"2019-02-06T13:26:11","slug":"85-peliculas-seran-presentadas-en-el-cine-pobre-panalandia","status":"publish","type":"post","link":"https:\/\/sertv.gob.pa\/crisolfm\/85-peliculas-seran-presentadas-en-el-cine-pobre-panalandia\/","title":{"rendered":"85 pel\u00edculas ser\u00e1n presentadas en el Cine Pobre Panalandia"},"content":{"rendered":"<p style=\"text-align: justify\">El p\u00fablico podr\u00e1 ver pel\u00edculas, conciertos y asistir a conversatorios sobre producci\u00f3n de cine de forma gratuita en el sexto Festival de Cine Pobre Panalandia, que se realizar\u00e1 del 13 al 16 de febrero de 2019 en la Fundaci\u00f3n Omar Torrijos. Este a\u00f1o, resaltar\u00e1n a figuras que son referentes hist\u00f3ricos, entre esos: Clara Gonz\u00e1les, Lucy Ja\u00e9n, Victoriano Lorenzo, Rodolfo Aguilar Delgado, Bayano. <span style=\"font-family: 'inherit',serif\">Llevar\u00e1n a cabo programas de formaci\u00f3n, talleres, muestras en competencia, conciertos al aire libre y conversatorios con Andr\u00e9s Galv\u00e1n, gestor de la Marcha del Hambre y la Desesperaci\u00f3n de 1959, y otro sobre historias de violencia contadas por las mujeres.<\/span><\/p>\n<p style=\"text-align: justify\">El 13 de febrero comenzar\u00e1 el festival a las 7:00 p.m., el 14 tendr\u00e1n una charla de cine bunker a las 5:00 p.m., mientras, a las 6:00 p.m., har\u00e1n un conversatorio. El 15, dictar\u00e1n charlas y desarrollar\u00e1n un coloquio desde las 4:00 p.m., y el 16 desde las 4:00 p.m., tendr\u00e1n lectura de la ciudad, mercadito audiovisual y clausura. Participar\u00e1n 85 pel\u00edculas en competencia, de las cuales 61 son paname\u00f1as y 24 centroamericanas; \u00e9stas \u00faltimas compiten por el galard\u00f3n para la mejor pel\u00edcula de la regi\u00f3n.<\/p>\n<p style=\"text-align: justify\">\n<p>&nbsp;<\/p>\n","protected":false},"excerpt":{"rendered":"<p>El p\u00fablico podr\u00e1 ver pel\u00edculas, conciertos y asistir a conversatorios <a href=\"https:\/\/sertv.gob.pa\/crisolfm\/85-peliculas-seran-presentadas-en-el-cine-pobre-panalandia\/\"> [&#8230;]<\/a><\/p>\n","protected":false},"author":64,"featured_media":16863,"comment_status":"closed","ping_status":"closed","sticky":false,"template":"","format":"standard","meta":{"footnotes":""},"categories":[6],"tags":[],"class_list":["post-16861","post","type-post","status-publish","format-standard","has-post-thumbnail","hentry","category-culturales"],"_links":{"self":[{"href":"https:\/\/sertv.gob.pa\/crisolfm\/wp-json\/wp\/v2\/posts\/16861","targetHints":{"allow":["GET"]}}],"collection":[{"href":"https:\/\/sertv.gob.pa\/crisolfm\/wp-json\/wp\/v2\/posts"}],"about":[{"href":"https:\/\/sertv.gob.pa\/crisolfm\/wp-json\/wp\/v2\/types\/post"}],"author":[{"embeddable":true,"href":"https:\/\/sertv.gob.pa\/crisolfm\/wp-json\/wp\/v2\/users\/64"}],"replies":[{"embeddable":true,"href":"https:\/\/sertv.gob.pa\/crisolfm\/wp-json\/wp\/v2\/comments?post=16861"}],"version-history":[{"count":1,"href":"https:\/\/sertv.gob.pa\/crisolfm\/wp-json\/wp\/v2\/posts\/16861\/revisions"}],"predecessor-version":[{"id":16864,"href":"https:\/\/sertv.gob.pa\/crisolfm\/wp-json\/wp\/v2\/posts\/16861\/revisions\/16864"}],"wp:featuredmedia":[{"embeddable":true,"href":"https:\/\/sertv.gob.pa\/crisolfm\/wp-json\/wp\/v2\/media\/16863"}],"wp:attachment":[{"href":"https:\/\/sertv.gob.pa\/crisolfm\/wp-json\/wp\/v2\/media?parent=16861"}],"wp:term":[{"taxonomy":"category","embeddable":true,"href":"https:\/\/sertv.gob.pa\/crisolfm\/wp-json\/wp\/v2\/categories?post=16861"},{"taxonomy":"post_tag","embeddable":true,"href":"https:\/\/sertv.gob.pa\/crisolfm\/wp-json\/wp\/v2\/tags?post=16861"}],"curies":[{"name":"wp","href":"https:\/\/api.w.org\/{rel}","templated":true}]}}