{"id":16865,"date":"2019-02-06T13:41:51","date_gmt":"2019-02-06T13:41:51","guid":{"rendered":"https:\/\/sertv.gob.pa\/crisolfm\/?p=16865"},"modified":"2019-02-06T13:41:51","modified_gmt":"2019-02-06T13:41:51","slug":"atacan-con-un-martillo-la-tumba-de-marx-en-londres","status":"publish","type":"post","link":"https:\/\/sertv.gob.pa\/crisolfm\/atacan-con-un-martillo-la-tumba-de-marx-en-londres\/","title":{"rendered":"Atacan con un martillo la tumba de Marx en Londres"},"content":{"rendered":"<p>La l\u00e1pida de m\u00e1rmol colocada sobre la tumba de <a href=\"https:\/\/www.abc.es\/cultura\/cultural\/abci-juicio-final-karl-marx-201804290020_noticia.html\" target=\"_blank\" rel=\"noopener\">Karl Marx<\/a> (1818-1883) ha resultado da\u00f1ada en un <strong>ataque<\/strong> deliberado durante el pasado fin de semana, inform\u00f3 la entidad que gestiona el <a href=\"https:\/\/highgatecemetery.org\/\" target=\"_blank\" rel=\"noopener\">cementerio de Highgate<\/a>, en el norte de <strong>Londres<\/strong>. El autor del ataque trat\u00f3 de borrar con un martillo el nombre de <a href=\"https:\/\/www.abc.es\/historia\/abci-karl-marx-verdad-fundador-comunismo-vida-burdeles-borracheras-y-criadas-201812200306_noticia.html\" target=\"_blank\" rel=\"noopener\">Marx<\/a> de la placa, que fue grabada por primera vez en 1881, tras la muerte de la esposa del <a href=\"https:\/\/www.abc.es\/cultura\/cultural\/abci-karl-marx-profeta-fracasado-201805010101_noticia.html\" target=\"_blank\" rel=\"noopener\">autor de \u00abEl capital\u00bb<\/a>, Jenny von Westphalen (1814-1881).<\/p>\n<p>\u00abCreemos que ha sido un <strong>ataque deliberado<\/strong> contra <a href=\"https:\/\/www.abc.es\/cultura\/cultural\/abci-karl-marx-y-capitalismo-agradecido-201805040140_noticia.html\" target=\"_blank\" rel=\"noopener\">Karl Marx<\/a>. No ha sido al azar\u00bb, explic\u00f3 a los medios Ian Dungavell, director ejecutivo de la Fundaci\u00f3n Amigos del Cementerio de Highgate, un <a href=\"https:\/\/highgatecemetery.org\/\" target=\"_blank\" rel=\"noopener\">camposanto<\/a> inaugurado en 1839. La Polic\u00eda metropolitana de Londres confirm\u00f3 que recibi\u00f3 un aviso durante la tarde del lunes para notificar el <strong>ataque<\/strong>, por el que no han arrestado a nadie. \u00abLas investigaciones iniciales se han completado y en esta fase la <strong>investigaci\u00f3n<\/strong> ha sido cerrada. Si sale a la luz cualquier otra informaci\u00f3n, se investigar\u00e1 de la forma apropiada\u00bb, indic\u00f3 un portavoz de <a href=\"https:\/\/www.abc.es\/20110809\/internacional\/abci-negro-scotland-yard-201108091645.html\" target=\"_blank\" rel=\"noopener\">Scotland Yard<\/a>.<\/p>\n<p>ABC Cultura<\/p>\n","protected":false},"excerpt":{"rendered":"<p>La l\u00e1pida de m\u00e1rmol colocada sobre la tumba de Karl <a href=\"https:\/\/sertv.gob.pa\/crisolfm\/atacan-con-un-martillo-la-tumba-de-marx-en-londres\/\"> [&#8230;]<\/a><\/p>\n","protected":false},"author":64,"featured_media":16867,"comment_status":"closed","ping_status":"closed","sticky":false,"template":"","format":"standard","meta":{"footnotes":""},"categories":[6],"tags":[],"class_list":["post-16865","post","type-post","status-publish","format-standard","has-post-thumbnail","hentry","category-culturales"],"_links":{"self":[{"href":"https:\/\/sertv.gob.pa\/crisolfm\/wp-json\/wp\/v2\/posts\/16865","targetHints":{"allow":["GET"]}}],"collection":[{"href":"https:\/\/sertv.gob.pa\/crisolfm\/wp-json\/wp\/v2\/posts"}],"about":[{"href":"https:\/\/sertv.gob.pa\/crisolfm\/wp-json\/wp\/v2\/types\/post"}],"author":[{"embeddable":true,"href":"https:\/\/sertv.gob.pa\/crisolfm\/wp-json\/wp\/v2\/users\/64"}],"replies":[{"embeddable":true,"href":"https:\/\/sertv.gob.pa\/crisolfm\/wp-json\/wp\/v2\/comments?post=16865"}],"version-history":[{"count":1,"href":"https:\/\/sertv.gob.pa\/crisolfm\/wp-json\/wp\/v2\/posts\/16865\/revisions"}],"predecessor-version":[{"id":16868,"href":"https:\/\/sertv.gob.pa\/crisolfm\/wp-json\/wp\/v2\/posts\/16865\/revisions\/16868"}],"wp:featuredmedia":[{"embeddable":true,"href":"https:\/\/sertv.gob.pa\/crisolfm\/wp-json\/wp\/v2\/media\/16867"}],"wp:attachment":[{"href":"https:\/\/sertv.gob.pa\/crisolfm\/wp-json\/wp\/v2\/media?parent=16865"}],"wp:term":[{"taxonomy":"category","embeddable":true,"href":"https:\/\/sertv.gob.pa\/crisolfm\/wp-json\/wp\/v2\/categories?post=16865"},{"taxonomy":"post_tag","embeddable":true,"href":"https:\/\/sertv.gob.pa\/crisolfm\/wp-json\/wp\/v2\/tags?post=16865"}],"curies":[{"name":"wp","href":"https:\/\/api.w.org\/{rel}","templated":true}]}}