{"id":16907,"date":"2019-02-07T13:04:07","date_gmt":"2019-02-07T13:04:07","guid":{"rendered":"https:\/\/sertv.gob.pa\/crisolfm\/?p=16907"},"modified":"2019-02-07T13:04:07","modified_gmt":"2019-02-07T13:04:07","slug":"en-ciudad-de-mexico-artistas-panamenos-presentaran-sus-obras","status":"publish","type":"post","link":"https:\/\/sertv.gob.pa\/crisolfm\/en-ciudad-de-mexico-artistas-panamenos-presentaran-sus-obras\/","title":{"rendered":"En ciudad de M\u00e9xico artistas paname\u00f1os presentar\u00e1n sus obras"},"content":{"rendered":"<p style=\"text-align: justify\">Un grupo de artistas locales de la Fundaci\u00f3n para las Artes Montilla e Hijos y la Pinacoteca de Arte Contempor\u00e1neo de Chiriqu\u00ed presentar\u00e1n sus obras en la decimotercera Bienal Internacional de la Acuarela de M\u00e9xico, este domingo 10 febrero en la capital del pa\u00eds azteca.<\/p>\n<p style=\"text-align: justify\">El encuentro, convocado por el Museo Nacional de la Acuarela Alfredo Guati Rojo, est\u00e1 dirigido a artistas que hallaron en la acuarela un espacio de expresi\u00f3n art\u00edstica para compartir sus concepciones, riquezas culturales y su talento. Los 12 acuarelistas que representar\u00e1n a nuestro pa\u00eds son oriundos de las provincias de Veraguas, Los Santos, Panam\u00e1, Bocas del Toro y Chiriqu\u00ed.<\/p>\n","protected":false},"excerpt":{"rendered":"<p>Un grupo de artistas locales de la Fundaci\u00f3n para las <a href=\"https:\/\/sertv.gob.pa\/crisolfm\/en-ciudad-de-mexico-artistas-panamenos-presentaran-sus-obras\/\"> [&#8230;]<\/a><\/p>\n","protected":false},"author":64,"featured_media":16909,"comment_status":"closed","ping_status":"closed","sticky":false,"template":"","format":"standard","meta":{"footnotes":""},"categories":[6],"tags":[],"class_list":["post-16907","post","type-post","status-publish","format-standard","has-post-thumbnail","hentry","category-culturales"],"_links":{"self":[{"href":"https:\/\/sertv.gob.pa\/crisolfm\/wp-json\/wp\/v2\/posts\/16907","targetHints":{"allow":["GET"]}}],"collection":[{"href":"https:\/\/sertv.gob.pa\/crisolfm\/wp-json\/wp\/v2\/posts"}],"about":[{"href":"https:\/\/sertv.gob.pa\/crisolfm\/wp-json\/wp\/v2\/types\/post"}],"author":[{"embeddable":true,"href":"https:\/\/sertv.gob.pa\/crisolfm\/wp-json\/wp\/v2\/users\/64"}],"replies":[{"embeddable":true,"href":"https:\/\/sertv.gob.pa\/crisolfm\/wp-json\/wp\/v2\/comments?post=16907"}],"version-history":[{"count":1,"href":"https:\/\/sertv.gob.pa\/crisolfm\/wp-json\/wp\/v2\/posts\/16907\/revisions"}],"predecessor-version":[{"id":16910,"href":"https:\/\/sertv.gob.pa\/crisolfm\/wp-json\/wp\/v2\/posts\/16907\/revisions\/16910"}],"wp:featuredmedia":[{"embeddable":true,"href":"https:\/\/sertv.gob.pa\/crisolfm\/wp-json\/wp\/v2\/media\/16909"}],"wp:attachment":[{"href":"https:\/\/sertv.gob.pa\/crisolfm\/wp-json\/wp\/v2\/media?parent=16907"}],"wp:term":[{"taxonomy":"category","embeddable":true,"href":"https:\/\/sertv.gob.pa\/crisolfm\/wp-json\/wp\/v2\/categories?post=16907"},{"taxonomy":"post_tag","embeddable":true,"href":"https:\/\/sertv.gob.pa\/crisolfm\/wp-json\/wp\/v2\/tags?post=16907"}],"curies":[{"name":"wp","href":"https:\/\/api.w.org\/{rel}","templated":true}]}}