{"id":16920,"date":"2019-02-07T13:25:49","date_gmt":"2019-02-07T13:25:49","guid":{"rendered":"https:\/\/sertv.gob.pa\/crisolfm\/?p=16920"},"modified":"2019-02-07T13:25:49","modified_gmt":"2019-02-07T13:25:49","slug":"la-ultima-voz-de-los-hermanos-duncan-se-apago","status":"publish","type":"post","link":"https:\/\/sertv.gob.pa\/crisolfm\/la-ultima-voz-de-los-hermanos-duncan-se-apago\/","title":{"rendered":"La \u00faltima voz de \u201clos hermanos Duncan\u201d se apag\u00f3"},"content":{"rendered":"<p>Alejandro Duncan muri\u00f3 en la madrugada de ayer en la provincia de Col\u00f3n. El m\u00fasico era el \u00faltimo miembro con vida del grupo \u00abLos Hermanos Duncan\u00bb, que fue muy reconocido durante la \u00e9poca de oro de los Combos Nacionales.<\/p>\n<p>Alberto Barrow, director del Observatorio Panam\u00e1 Afro, expres\u00f3 que \u201cel fallecimiento del profesor Alejandro Duncan, quien junto a dos hermanos conformaron a inicios de los a\u00f1os 70 el conjunto, nos recuerda otra de las m\u00faltiples contribuciones de los colonenses al pa\u00eds. Los 3 hermanos, fallecidos todos, aportaron a la m\u00fasica popular el sabor del Caribe paname\u00f1o. Duncan, adem\u00e1s de m\u00fasico fue formador de j\u00f3venes talentos en el Instituto Nacional de Cultura\u201d, agreg\u00f3.<\/p>\n<p>&nbsp;<\/p>\n<p>&nbsp;<\/p>\n","protected":false},"excerpt":{"rendered":"<p>Alejandro Duncan muri\u00f3 en la madrugada de ayer en la <a href=\"https:\/\/sertv.gob.pa\/crisolfm\/la-ultima-voz-de-los-hermanos-duncan-se-apago\/\"> [&#8230;]<\/a><\/p>\n","protected":false},"author":64,"featured_media":16922,"comment_status":"closed","ping_status":"closed","sticky":false,"template":"","format":"standard","meta":{"footnotes":""},"categories":[6],"tags":[],"class_list":["post-16920","post","type-post","status-publish","format-standard","has-post-thumbnail","hentry","category-culturales"],"_links":{"self":[{"href":"https:\/\/sertv.gob.pa\/crisolfm\/wp-json\/wp\/v2\/posts\/16920","targetHints":{"allow":["GET"]}}],"collection":[{"href":"https:\/\/sertv.gob.pa\/crisolfm\/wp-json\/wp\/v2\/posts"}],"about":[{"href":"https:\/\/sertv.gob.pa\/crisolfm\/wp-json\/wp\/v2\/types\/post"}],"author":[{"embeddable":true,"href":"https:\/\/sertv.gob.pa\/crisolfm\/wp-json\/wp\/v2\/users\/64"}],"replies":[{"embeddable":true,"href":"https:\/\/sertv.gob.pa\/crisolfm\/wp-json\/wp\/v2\/comments?post=16920"}],"version-history":[{"count":1,"href":"https:\/\/sertv.gob.pa\/crisolfm\/wp-json\/wp\/v2\/posts\/16920\/revisions"}],"predecessor-version":[{"id":16923,"href":"https:\/\/sertv.gob.pa\/crisolfm\/wp-json\/wp\/v2\/posts\/16920\/revisions\/16923"}],"wp:featuredmedia":[{"embeddable":true,"href":"https:\/\/sertv.gob.pa\/crisolfm\/wp-json\/wp\/v2\/media\/16922"}],"wp:attachment":[{"href":"https:\/\/sertv.gob.pa\/crisolfm\/wp-json\/wp\/v2\/media?parent=16920"}],"wp:term":[{"taxonomy":"category","embeddable":true,"href":"https:\/\/sertv.gob.pa\/crisolfm\/wp-json\/wp\/v2\/categories?post=16920"},{"taxonomy":"post_tag","embeddable":true,"href":"https:\/\/sertv.gob.pa\/crisolfm\/wp-json\/wp\/v2\/tags?post=16920"}],"curies":[{"name":"wp","href":"https:\/\/api.w.org\/{rel}","templated":true}]}}