{"id":16954,"date":"2019-02-08T12:28:49","date_gmt":"2019-02-08T12:28:49","guid":{"rendered":"https:\/\/sertv.gob.pa\/crisolfm\/?p=16954"},"modified":"2019-02-08T12:28:49","modified_gmt":"2019-02-08T12:28:49","slug":"festival-de-san-remo-cautiva-al-pueblo-italiano","status":"publish","type":"post","link":"https:\/\/sertv.gob.pa\/crisolfm\/festival-de-san-remo-cautiva-al-pueblo-italiano\/","title":{"rendered":"Festival de San Remo cautiva al pueblo italiano"},"content":{"rendered":"<p>En el transcurso de esta semana se est\u00e1 efectuando uno de los eventos m\u00e1s importantes para la m\u00fasica italiana: el <strong>Festival de San Remo<\/strong>, que inici\u00f3 este 5 de febrero y terminar\u00e1 el d\u00eda de ma\u00f1ana. Este sexag\u00e9simo octavo certamen, realizado en el teatro Ariston de la provincia italiana de Liguria, trae desde sus or\u00edgenes un culto tan arraigado, al punto que cada gala trae un debate social en el pueblo italiano.<\/p>\n<p>En este espect\u00e1culo, con la direcci\u00f3n art\u00edstica de<strong> Claudio Baglioni<\/strong> por segundo a\u00f1o consecutivo, el p\u00fablico tiene la \u00faltima palabra sobre el destino de cada uno de los participantes de este festival, que consta de 300 propuestas musicales novedosas de distintos cantantes italianos y que son expuestas durante cinco noches. No obstante, hay un jurado cuyo 30% de su veredicto pesa sobre el puntaje final. El Festival de San Remo se origin\u00f3 el 29 de enero de 1951 y desde entonces es organizado por la televisi\u00f3n p\u00fablica italiana RAI. Inicialmente ha sido creado para escoger la canci\u00f3n italiana para el Festival de Eurovisi\u00f3n, pero con el tiempo ha derivado en un concurso a nivel nacional.<\/p>\n<p>AP<\/p>\n","protected":false},"excerpt":{"rendered":"<p>En el transcurso de esta semana se est\u00e1 efectuando uno <a href=\"https:\/\/sertv.gob.pa\/crisolfm\/festival-de-san-remo-cautiva-al-pueblo-italiano\/\"> [&#8230;]<\/a><\/p>\n","protected":false},"author":64,"featured_media":16956,"comment_status":"closed","ping_status":"closed","sticky":false,"template":"","format":"standard","meta":{"footnotes":""},"categories":[6],"tags":[],"class_list":["post-16954","post","type-post","status-publish","format-standard","has-post-thumbnail","hentry","category-culturales"],"_links":{"self":[{"href":"https:\/\/sertv.gob.pa\/crisolfm\/wp-json\/wp\/v2\/posts\/16954","targetHints":{"allow":["GET"]}}],"collection":[{"href":"https:\/\/sertv.gob.pa\/crisolfm\/wp-json\/wp\/v2\/posts"}],"about":[{"href":"https:\/\/sertv.gob.pa\/crisolfm\/wp-json\/wp\/v2\/types\/post"}],"author":[{"embeddable":true,"href":"https:\/\/sertv.gob.pa\/crisolfm\/wp-json\/wp\/v2\/users\/64"}],"replies":[{"embeddable":true,"href":"https:\/\/sertv.gob.pa\/crisolfm\/wp-json\/wp\/v2\/comments?post=16954"}],"version-history":[{"count":1,"href":"https:\/\/sertv.gob.pa\/crisolfm\/wp-json\/wp\/v2\/posts\/16954\/revisions"}],"predecessor-version":[{"id":16957,"href":"https:\/\/sertv.gob.pa\/crisolfm\/wp-json\/wp\/v2\/posts\/16954\/revisions\/16957"}],"wp:featuredmedia":[{"embeddable":true,"href":"https:\/\/sertv.gob.pa\/crisolfm\/wp-json\/wp\/v2\/media\/16956"}],"wp:attachment":[{"href":"https:\/\/sertv.gob.pa\/crisolfm\/wp-json\/wp\/v2\/media?parent=16954"}],"wp:term":[{"taxonomy":"category","embeddable":true,"href":"https:\/\/sertv.gob.pa\/crisolfm\/wp-json\/wp\/v2\/categories?post=16954"},{"taxonomy":"post_tag","embeddable":true,"href":"https:\/\/sertv.gob.pa\/crisolfm\/wp-json\/wp\/v2\/tags?post=16954"}],"curies":[{"name":"wp","href":"https:\/\/api.w.org\/{rel}","templated":true}]}}