{"id":16966,"date":"2019-02-08T13:20:53","date_gmt":"2019-02-08T13:20:53","guid":{"rendered":"https:\/\/sertv.gob.pa\/crisolfm\/?p=16966"},"modified":"2019-02-08T13:20:53","modified_gmt":"2019-02-08T13:20:53","slug":"se-avecina-festival-del-almojabano-en-dolega-chiriqui","status":"publish","type":"post","link":"https:\/\/sertv.gob.pa\/crisolfm\/se-avecina-festival-del-almojabano-en-dolega-chiriqui\/","title":{"rendered":"Se avecina Festival del Almoj\u00e1bano en Dolega, Chiriqu\u00ed"},"content":{"rendered":"<p>Nacionales y extranjeros podr\u00e1n disfrutar del Festival del Almoj\u00e1bano, del 10 al 17 de febrero de 2019 en Dolega, provincia de Chiriqu\u00ed.<\/p>\n<p>En el evento se podr\u00e1n apreciar espect\u00e1culos folcl\u00f3ricos, desfile de carretas, tuna de madrugada, presentaciones art\u00edsticas, cantadera, concursos de cumbia cantada, viol\u00edn, tambor y acorde\u00f3n; as\u00ed como de basqui\u00f1a chiricana, pollera infantil y pollera de adulto. Igualmente contar\u00e1 con variados platillos t\u00edpicos.<\/p>\n<p>&nbsp;<\/p>\n","protected":false},"excerpt":{"rendered":"<p>Nacionales y extranjeros podr\u00e1n disfrutar del Festival del Almoj\u00e1bano, del <a href=\"https:\/\/sertv.gob.pa\/crisolfm\/se-avecina-festival-del-almojabano-en-dolega-chiriqui\/\"> [&#8230;]<\/a><\/p>\n","protected":false},"author":64,"featured_media":16968,"comment_status":"closed","ping_status":"closed","sticky":false,"template":"","format":"standard","meta":{"footnotes":""},"categories":[6],"tags":[],"class_list":["post-16966","post","type-post","status-publish","format-standard","has-post-thumbnail","hentry","category-culturales"],"_links":{"self":[{"href":"https:\/\/sertv.gob.pa\/crisolfm\/wp-json\/wp\/v2\/posts\/16966","targetHints":{"allow":["GET"]}}],"collection":[{"href":"https:\/\/sertv.gob.pa\/crisolfm\/wp-json\/wp\/v2\/posts"}],"about":[{"href":"https:\/\/sertv.gob.pa\/crisolfm\/wp-json\/wp\/v2\/types\/post"}],"author":[{"embeddable":true,"href":"https:\/\/sertv.gob.pa\/crisolfm\/wp-json\/wp\/v2\/users\/64"}],"replies":[{"embeddable":true,"href":"https:\/\/sertv.gob.pa\/crisolfm\/wp-json\/wp\/v2\/comments?post=16966"}],"version-history":[{"count":1,"href":"https:\/\/sertv.gob.pa\/crisolfm\/wp-json\/wp\/v2\/posts\/16966\/revisions"}],"predecessor-version":[{"id":16969,"href":"https:\/\/sertv.gob.pa\/crisolfm\/wp-json\/wp\/v2\/posts\/16966\/revisions\/16969"}],"wp:featuredmedia":[{"embeddable":true,"href":"https:\/\/sertv.gob.pa\/crisolfm\/wp-json\/wp\/v2\/media\/16968"}],"wp:attachment":[{"href":"https:\/\/sertv.gob.pa\/crisolfm\/wp-json\/wp\/v2\/media?parent=16966"}],"wp:term":[{"taxonomy":"category","embeddable":true,"href":"https:\/\/sertv.gob.pa\/crisolfm\/wp-json\/wp\/v2\/categories?post=16966"},{"taxonomy":"post_tag","embeddable":true,"href":"https:\/\/sertv.gob.pa\/crisolfm\/wp-json\/wp\/v2\/tags?post=16966"}],"curies":[{"name":"wp","href":"https:\/\/api.w.org\/{rel}","templated":true}]}}