{"id":17001,"date":"2019-02-10T00:00:32","date_gmt":"2019-02-10T00:00:32","guid":{"rendered":"https:\/\/sertv.gob.pa\/crisolfm\/?p=17001"},"modified":"2019-02-08T15:17:57","modified_gmt":"2019-02-08T15:17:57","slug":"nombran-centro-de-lengua-de-la-up-en-honor-de-carmen-guadalupe-cordoba-chen","status":"publish","type":"post","link":"https:\/\/sertv.gob.pa\/crisolfm\/nombran-centro-de-lengua-de-la-up-en-honor-de-carmen-guadalupe-cordoba-chen\/","title":{"rendered":"Nombran centro de lengua de la UP en honor de Carmen Guadalupe C\u00f3rdoba Chen"},"content":{"rendered":"<p>Las autoridades de la Facultad de Humanidades de la Universidad de Panam\u00e1 encabezado por su decano Olmedo Garc\u00eda Chavarr\u00eda organizaron un acto de reconocimiento y tributo en el Sal\u00f3n de Profesores de la unidad acad\u00e9mica a la profesora Carmen Guadalupe C\u00f3rdoba, ex Decana de esa Facultad (Q. E. P. D.). A parte del reconocimiento y tributo el evento ten\u00eda como finalidad oficializar la designaci\u00f3n del Centro de Lenguas, con el nombre Carmen Guadalupe C\u00f3rdoba Chen.<\/p>\n<p>El decano de la Facultad, Olmedo Garc\u00eda Chavarr\u00eda hizo una remembranza de su amistad y con la profesora Carmen Guadalupe C\u00f3rdoba a quien destac\u00f3 como una mujer sumamente humana y sensible en su trato con los dem\u00e1s que la conocieron. Por su parte, Miguel \u00c1ngel Candanedo, director del Departamento de Filosof\u00eda manifest\u00f3 a los presentes en el acto que Carmen Guadalupe C\u00f3rdoba Chen no fue una decana m\u00e1s, sino que fue una acad\u00e9mica a carta cabal que expreso los mejores valores de la paname\u00f1idad, de los ideales \u00a0\u00a0que representa es antorcha de luz que ilumine el devenir de la Universidad de Panam\u00e1.<\/p>\n<p>&nbsp;<\/p>\n","protected":false},"excerpt":{"rendered":"<p>Las autoridades de la Facultad de Humanidades de la Universidad <a href=\"https:\/\/sertv.gob.pa\/crisolfm\/nombran-centro-de-lengua-de-la-up-en-honor-de-carmen-guadalupe-cordoba-chen\/\"> [&#8230;]<\/a><\/p>\n","protected":false},"author":64,"featured_media":17003,"comment_status":"closed","ping_status":"closed","sticky":false,"template":"","format":"standard","meta":{"footnotes":""},"categories":[6],"tags":[],"class_list":["post-17001","post","type-post","status-publish","format-standard","has-post-thumbnail","hentry","category-culturales"],"_links":{"self":[{"href":"https:\/\/sertv.gob.pa\/crisolfm\/wp-json\/wp\/v2\/posts\/17001","targetHints":{"allow":["GET"]}}],"collection":[{"href":"https:\/\/sertv.gob.pa\/crisolfm\/wp-json\/wp\/v2\/posts"}],"about":[{"href":"https:\/\/sertv.gob.pa\/crisolfm\/wp-json\/wp\/v2\/types\/post"}],"author":[{"embeddable":true,"href":"https:\/\/sertv.gob.pa\/crisolfm\/wp-json\/wp\/v2\/users\/64"}],"replies":[{"embeddable":true,"href":"https:\/\/sertv.gob.pa\/crisolfm\/wp-json\/wp\/v2\/comments?post=17001"}],"version-history":[{"count":1,"href":"https:\/\/sertv.gob.pa\/crisolfm\/wp-json\/wp\/v2\/posts\/17001\/revisions"}],"predecessor-version":[{"id":17004,"href":"https:\/\/sertv.gob.pa\/crisolfm\/wp-json\/wp\/v2\/posts\/17001\/revisions\/17004"}],"wp:featuredmedia":[{"embeddable":true,"href":"https:\/\/sertv.gob.pa\/crisolfm\/wp-json\/wp\/v2\/media\/17003"}],"wp:attachment":[{"href":"https:\/\/sertv.gob.pa\/crisolfm\/wp-json\/wp\/v2\/media?parent=17001"}],"wp:term":[{"taxonomy":"category","embeddable":true,"href":"https:\/\/sertv.gob.pa\/crisolfm\/wp-json\/wp\/v2\/categories?post=17001"},{"taxonomy":"post_tag","embeddable":true,"href":"https:\/\/sertv.gob.pa\/crisolfm\/wp-json\/wp\/v2\/tags?post=17001"}],"curies":[{"name":"wp","href":"https:\/\/api.w.org\/{rel}","templated":true}]}}