{"id":17005,"date":"2019-02-08T16:51:13","date_gmt":"2019-02-08T16:51:13","guid":{"rendered":"https:\/\/sertv.gob.pa\/crisolfm\/?p=17005"},"modified":"2019-02-08T16:51:13","modified_gmt":"2019-02-08T16:51:13","slug":"canon-historico-de-la-iglesia-de-portobelo-es-hurtado","status":"publish","type":"post","link":"https:\/\/sertv.gob.pa\/crisolfm\/canon-historico-de-la-iglesia-de-portobelo-es-hurtado\/","title":{"rendered":"Ca\u00f1\u00f3n hist\u00f3rico de la iglesia de Portobelo es hurtado"},"content":{"rendered":"<p>El sacerdote Narciso \u00c1brego interpuso una denuncia por el hurto de un ca\u00f1\u00f3n hist\u00f3rico de la iglesia de San Felipe, en la comunidad de Portobelo, Col\u00f3n.<\/p>\n<p>El ca\u00f1\u00f3n de cobre, que data de hace unos 150 a\u00f1os, se usaba para anunciar las festividades del Cristo Negro, d\u00edas antes del 21 de octubre. Seg\u00fan relatan, el ca\u00f1\u00f3n desapareci\u00f3 \u00abpor arte de magia\u00bb y fue hasta hace unos d\u00edas que se percataron que no estaba en el sitio donde lo dejaron la \u00faltima vez: la sacrist\u00eda de la iglesia. Es por ello que ni el cura ni los miembros de iglesia saben con exactitud cuando sucedi\u00f3 el hecho. \u00c1brego igualmente solicit\u00f3 ayuda a la comunidad para hallar esta pieza hist\u00f3rica.<\/p>\n<p>&nbsp;<\/p>\n<p>&nbsp;<\/p>\n<p>&nbsp;<\/p>\n","protected":false},"excerpt":{"rendered":"<p>El sacerdote Narciso \u00c1brego interpuso una denuncia por el hurto <a href=\"https:\/\/sertv.gob.pa\/crisolfm\/canon-historico-de-la-iglesia-de-portobelo-es-hurtado\/\"> [&#8230;]<\/a><\/p>\n","protected":false},"author":64,"featured_media":17007,"comment_status":"closed","ping_status":"closed","sticky":false,"template":"","format":"standard","meta":{"footnotes":""},"categories":[6],"tags":[],"class_list":["post-17005","post","type-post","status-publish","format-standard","has-post-thumbnail","hentry","category-culturales"],"_links":{"self":[{"href":"https:\/\/sertv.gob.pa\/crisolfm\/wp-json\/wp\/v2\/posts\/17005","targetHints":{"allow":["GET"]}}],"collection":[{"href":"https:\/\/sertv.gob.pa\/crisolfm\/wp-json\/wp\/v2\/posts"}],"about":[{"href":"https:\/\/sertv.gob.pa\/crisolfm\/wp-json\/wp\/v2\/types\/post"}],"author":[{"embeddable":true,"href":"https:\/\/sertv.gob.pa\/crisolfm\/wp-json\/wp\/v2\/users\/64"}],"replies":[{"embeddable":true,"href":"https:\/\/sertv.gob.pa\/crisolfm\/wp-json\/wp\/v2\/comments?post=17005"}],"version-history":[{"count":1,"href":"https:\/\/sertv.gob.pa\/crisolfm\/wp-json\/wp\/v2\/posts\/17005\/revisions"}],"predecessor-version":[{"id":17008,"href":"https:\/\/sertv.gob.pa\/crisolfm\/wp-json\/wp\/v2\/posts\/17005\/revisions\/17008"}],"wp:featuredmedia":[{"embeddable":true,"href":"https:\/\/sertv.gob.pa\/crisolfm\/wp-json\/wp\/v2\/media\/17007"}],"wp:attachment":[{"href":"https:\/\/sertv.gob.pa\/crisolfm\/wp-json\/wp\/v2\/media?parent=17005"}],"wp:term":[{"taxonomy":"category","embeddable":true,"href":"https:\/\/sertv.gob.pa\/crisolfm\/wp-json\/wp\/v2\/categories?post=17005"},{"taxonomy":"post_tag","embeddable":true,"href":"https:\/\/sertv.gob.pa\/crisolfm\/wp-json\/wp\/v2\/tags?post=17005"}],"curies":[{"name":"wp","href":"https:\/\/api.w.org\/{rel}","templated":true}]}}