{"id":17009,"date":"2019-02-11T12:31:59","date_gmt":"2019-02-11T12:31:59","guid":{"rendered":"https:\/\/sertv.gob.pa\/crisolfm\/?p=17009"},"modified":"2019-02-11T12:31:59","modified_gmt":"2019-02-11T12:31:59","slug":"viene-el-festival-de-congos-y-diablos-de-portobelo","status":"publish","type":"post","link":"https:\/\/sertv.gob.pa\/crisolfm\/viene-el-festival-de-congos-y-diablos-de-portobelo\/","title":{"rendered":"Viene el Festival de Congos y Diablos de Portobelo"},"content":{"rendered":"<p>La Fundaci\u00f3n Portobelo y el Grupo Realce Hist\u00f3rico anuncian la realizaci\u00f3n el s\u00e1bado 27 de abril pr\u00f3ximo del 11\u00b0 FESTIVAL DE CONGOS Y DIABLOS DE PORTOBELO, el m\u00e1ximo evento con que cuenta la cultura afrocolonial paname\u00f1a, que se ha constituido en indiscutible atractivo cultural y tur\u00edstico para propios y extra\u00f1os, que abarrotan las calles de la hist\u00f3rica poblaci\u00f3n para disfrutar de las manifestaciones aut\u00f3ctonas de esta \u00e1rea de la provincia de Col\u00f3n.<\/p>\n<p>Este importante encuentro folkl\u00f3rico cuenta con la confirmaci\u00f3n como principales aliados gubernamentales de la Autoridad de Turismo de Panam\u00e1 y del Instituto Nacional de Cultura, instituciones que vuelven a sumarse a este esfuerzo cultural que surgi\u00f3 de la inquietud de sus propios moradores por mantener sus tradiciones, y que deja indiscutibles ganancias culturales, econ\u00f3micas, tur\u00edsticas y de imagen para la comunidad de Portobelo, la provincia de Col\u00f3n y el pa\u00eds en general.<\/p>\n<p>&nbsp;<\/p>\n","protected":false},"excerpt":{"rendered":"<p>La Fundaci\u00f3n Portobelo y el Grupo Realce Hist\u00f3rico anuncian la <a href=\"https:\/\/sertv.gob.pa\/crisolfm\/viene-el-festival-de-congos-y-diablos-de-portobelo\/\"> [&#8230;]<\/a><\/p>\n","protected":false},"author":64,"featured_media":17011,"comment_status":"closed","ping_status":"closed","sticky":false,"template":"","format":"standard","meta":{"footnotes":""},"categories":[6],"tags":[],"class_list":["post-17009","post","type-post","status-publish","format-standard","has-post-thumbnail","hentry","category-culturales"],"_links":{"self":[{"href":"https:\/\/sertv.gob.pa\/crisolfm\/wp-json\/wp\/v2\/posts\/17009","targetHints":{"allow":["GET"]}}],"collection":[{"href":"https:\/\/sertv.gob.pa\/crisolfm\/wp-json\/wp\/v2\/posts"}],"about":[{"href":"https:\/\/sertv.gob.pa\/crisolfm\/wp-json\/wp\/v2\/types\/post"}],"author":[{"embeddable":true,"href":"https:\/\/sertv.gob.pa\/crisolfm\/wp-json\/wp\/v2\/users\/64"}],"replies":[{"embeddable":true,"href":"https:\/\/sertv.gob.pa\/crisolfm\/wp-json\/wp\/v2\/comments?post=17009"}],"version-history":[{"count":1,"href":"https:\/\/sertv.gob.pa\/crisolfm\/wp-json\/wp\/v2\/posts\/17009\/revisions"}],"predecessor-version":[{"id":17012,"href":"https:\/\/sertv.gob.pa\/crisolfm\/wp-json\/wp\/v2\/posts\/17009\/revisions\/17012"}],"wp:featuredmedia":[{"embeddable":true,"href":"https:\/\/sertv.gob.pa\/crisolfm\/wp-json\/wp\/v2\/media\/17011"}],"wp:attachment":[{"href":"https:\/\/sertv.gob.pa\/crisolfm\/wp-json\/wp\/v2\/media?parent=17009"}],"wp:term":[{"taxonomy":"category","embeddable":true,"href":"https:\/\/sertv.gob.pa\/crisolfm\/wp-json\/wp\/v2\/categories?post=17009"},{"taxonomy":"post_tag","embeddable":true,"href":"https:\/\/sertv.gob.pa\/crisolfm\/wp-json\/wp\/v2\/tags?post=17009"}],"curies":[{"name":"wp","href":"https:\/\/api.w.org\/{rel}","templated":true}]}}