{"id":17013,"date":"2019-02-11T12:42:16","date_gmt":"2019-02-11T12:42:16","guid":{"rendered":"https:\/\/sertv.gob.pa\/crisolfm\/?p=17013"},"modified":"2019-02-11T12:42:16","modified_gmt":"2019-02-11T12:42:16","slug":"mexicano-alfonso-cuaron-gana-varios-premios-bafta-por-la-pelicula-roma","status":"publish","type":"post","link":"https:\/\/sertv.gob.pa\/crisolfm\/mexicano-alfonso-cuaron-gana-varios-premios-bafta-por-la-pelicula-roma\/","title":{"rendered":"Mexicano, Alfonso Cuar\u00f3n, gana varios premios BAFTA por la pel\u00edcula &#8216;Roma&#8217;"},"content":{"rendered":"<p>La muy personal Roma, del mexicano Alfonso Cuar\u00f3n, se coron\u00f3 el domingo como gran ganadora sorpresa de los premios del cine brit\u00e1nico, un hecho sin precedentes para una pel\u00edcula distribuida por la plataforma Netflix, que rob\u00f3 el protagonismo a La Favorita.<\/p>\n<p>Contra todo pron\u00f3stico, esta cinta hablada en espa\u00f1ol y un dialecto ind\u00edgena, que transcurre en el turbulento M\u00e9xico de los a\u00f1os 1970, se alz\u00f3 con los premios a Mejor Pel\u00edcula, Mejor Direcci\u00f3n y Mejor Fotograf\u00eda para Cuar\u00f3n, y Mejor Pel\u00edcula de habla no inglesa en una ceremonia celebrada en el Royal Albert Hall de Londres. \u00abEstoy de verdad muy conmovido por el hecho de que esta pel\u00edcula tenga tal recibimiento\u00bb, dijo con voz temblorosa un Cuar\u00f3n de enorme sonrisa y visiblemente emocionado.<\/p>\n<p>AFP<\/p>\n","protected":false},"excerpt":{"rendered":"<p>La muy personal Roma, del mexicano Alfonso Cuar\u00f3n, se coron\u00f3 <a href=\"https:\/\/sertv.gob.pa\/crisolfm\/mexicano-alfonso-cuaron-gana-varios-premios-bafta-por-la-pelicula-roma\/\"> [&#8230;]<\/a><\/p>\n","protected":false},"author":64,"featured_media":17015,"comment_status":"closed","ping_status":"closed","sticky":false,"template":"","format":"standard","meta":{"footnotes":""},"categories":[6],"tags":[],"class_list":["post-17013","post","type-post","status-publish","format-standard","has-post-thumbnail","hentry","category-culturales"],"_links":{"self":[{"href":"https:\/\/sertv.gob.pa\/crisolfm\/wp-json\/wp\/v2\/posts\/17013","targetHints":{"allow":["GET"]}}],"collection":[{"href":"https:\/\/sertv.gob.pa\/crisolfm\/wp-json\/wp\/v2\/posts"}],"about":[{"href":"https:\/\/sertv.gob.pa\/crisolfm\/wp-json\/wp\/v2\/types\/post"}],"author":[{"embeddable":true,"href":"https:\/\/sertv.gob.pa\/crisolfm\/wp-json\/wp\/v2\/users\/64"}],"replies":[{"embeddable":true,"href":"https:\/\/sertv.gob.pa\/crisolfm\/wp-json\/wp\/v2\/comments?post=17013"}],"version-history":[{"count":1,"href":"https:\/\/sertv.gob.pa\/crisolfm\/wp-json\/wp\/v2\/posts\/17013\/revisions"}],"predecessor-version":[{"id":17016,"href":"https:\/\/sertv.gob.pa\/crisolfm\/wp-json\/wp\/v2\/posts\/17013\/revisions\/17016"}],"wp:featuredmedia":[{"embeddable":true,"href":"https:\/\/sertv.gob.pa\/crisolfm\/wp-json\/wp\/v2\/media\/17015"}],"wp:attachment":[{"href":"https:\/\/sertv.gob.pa\/crisolfm\/wp-json\/wp\/v2\/media?parent=17013"}],"wp:term":[{"taxonomy":"category","embeddable":true,"href":"https:\/\/sertv.gob.pa\/crisolfm\/wp-json\/wp\/v2\/categories?post=17013"},{"taxonomy":"post_tag","embeddable":true,"href":"https:\/\/sertv.gob.pa\/crisolfm\/wp-json\/wp\/v2\/tags?post=17013"}],"curies":[{"name":"wp","href":"https:\/\/api.w.org\/{rel}","templated":true}]}}