{"id":17017,"date":"2019-02-11T12:57:53","date_gmt":"2019-02-11T12:57:53","guid":{"rendered":"https:\/\/sertv.gob.pa\/crisolfm\/?p=17017"},"modified":"2019-02-11T12:57:53","modified_gmt":"2019-02-11T12:57:53","slug":"5-acuarelas-atribuidas-a-hitler-se-quedan-sin-subastar","status":"publish","type":"post","link":"https:\/\/sertv.gob.pa\/crisolfm\/5-acuarelas-atribuidas-a-hitler-se-quedan-sin-subastar\/","title":{"rendered":"5 acuarelas atribuidas a Hitler se quedan sin subastar"},"content":{"rendered":"<p>Cinco acuarelas atribuidas al dictador nazi Adolfo Hitler desde sus inicios como un artista con dificultades no se vendieron en una subasta en la ciudad de Nuremberg, en el sur de Alemania, posiblemente por temor a que puedan ser falsas. El peri\u00f3dico Nuremberger Nachrichten inform\u00f3 el domingo que no se recibieron ofertas por las pinturas, que ten\u00edan precios iniciales de entre 19 mil euros (21 mil 500 d\u00f3lares) y 45 mil euros (50 mil 900 d\u00f3lares).<\/p>\n<p>Tres d\u00edas antes de la subasta del s\u00e1bado, los fiscales decomisaron otras 63 pinturas atribuidas a Hitler en la casa de subastas para investigar las acusaciones de que eran falsas. El mes pasado, en Berl\u00edn, las autoridades incautaron otras tres acuarelas de Hitler despu\u00e9s de recibir una queja que cuestionaba su autenticidad. Se cree que cuando era joven Hitler pint\u00f3 unos 2 mil cuadros mientras luchaba sin \u00e9xito para triunfar como artista en Viena antes de la Primera Guerra Mundial.<\/p>\n<p>&nbsp;<\/p>\n<p>AFP<\/p>\n","protected":false},"excerpt":{"rendered":"<p>Cinco acuarelas atribuidas al dictador nazi Adolfo Hitler desde sus <a href=\"https:\/\/sertv.gob.pa\/crisolfm\/5-acuarelas-atribuidas-a-hitler-se-quedan-sin-subastar\/\"> [&#8230;]<\/a><\/p>\n","protected":false},"author":64,"featured_media":17019,"comment_status":"closed","ping_status":"closed","sticky":false,"template":"","format":"standard","meta":{"footnotes":""},"categories":[6],"tags":[],"class_list":["post-17017","post","type-post","status-publish","format-standard","has-post-thumbnail","hentry","category-culturales"],"_links":{"self":[{"href":"https:\/\/sertv.gob.pa\/crisolfm\/wp-json\/wp\/v2\/posts\/17017","targetHints":{"allow":["GET"]}}],"collection":[{"href":"https:\/\/sertv.gob.pa\/crisolfm\/wp-json\/wp\/v2\/posts"}],"about":[{"href":"https:\/\/sertv.gob.pa\/crisolfm\/wp-json\/wp\/v2\/types\/post"}],"author":[{"embeddable":true,"href":"https:\/\/sertv.gob.pa\/crisolfm\/wp-json\/wp\/v2\/users\/64"}],"replies":[{"embeddable":true,"href":"https:\/\/sertv.gob.pa\/crisolfm\/wp-json\/wp\/v2\/comments?post=17017"}],"version-history":[{"count":1,"href":"https:\/\/sertv.gob.pa\/crisolfm\/wp-json\/wp\/v2\/posts\/17017\/revisions"}],"predecessor-version":[{"id":17020,"href":"https:\/\/sertv.gob.pa\/crisolfm\/wp-json\/wp\/v2\/posts\/17017\/revisions\/17020"}],"wp:featuredmedia":[{"embeddable":true,"href":"https:\/\/sertv.gob.pa\/crisolfm\/wp-json\/wp\/v2\/media\/17019"}],"wp:attachment":[{"href":"https:\/\/sertv.gob.pa\/crisolfm\/wp-json\/wp\/v2\/media?parent=17017"}],"wp:term":[{"taxonomy":"category","embeddable":true,"href":"https:\/\/sertv.gob.pa\/crisolfm\/wp-json\/wp\/v2\/categories?post=17017"},{"taxonomy":"post_tag","embeddable":true,"href":"https:\/\/sertv.gob.pa\/crisolfm\/wp-json\/wp\/v2\/tags?post=17017"}],"curies":[{"name":"wp","href":"https:\/\/api.w.org\/{rel}","templated":true}]}}