{"id":17078,"date":"2019-02-12T12:55:07","date_gmt":"2019-02-12T12:55:07","guid":{"rendered":"https:\/\/sertv.gob.pa\/crisolfm\/?p=17078"},"modified":"2019-02-12T12:55:07","modified_gmt":"2019-02-12T12:55:07","slug":"la-puerta-de-al-lado-en-el-teatro-la-estacion","status":"publish","type":"post","link":"https:\/\/sertv.gob.pa\/crisolfm\/la-puerta-de-al-lado-en-el-teatro-la-estacion\/","title":{"rendered":"\u201cLa puerta de al lado\u201d en el Teatro La Estaci\u00f3n"},"content":{"rendered":"<p>La trama de \u2018La puerta de al lado&#8217;, escrita por Fabrice Roger-Lacan, y que se est\u00e1 presentando en el Teatro La Estaci\u00f3n hasta el 23 de marzo bajo la direcci\u00f3n de Arturo Wong Sagel. tiene todas las peculiaridades de una comedia rom\u00e1ntica. Dos vecinos, una psic\u00f3loga (interpretada por Ana Alejandra Carrizo) y un gerente de mercadeo (interpretado con mucha energ\u00eda por Amit Nathani) parecen destinados a una guerra eterna sobre el volumen adecuado de la m\u00fasica, filtraciones de agua y p\u00e9rdidas de llaves.<\/p>\n<p>Entre discusiones que muestran cu\u00e1n diferentes son estos dos solteros, poco a poco se desarrolla un inter\u00e9s rom\u00e1ntico entre ellos. Ambos luchan por evitar materializar esta irracional atracci\u00f3n, al mismo tiempo que visitan una aplicaci\u00f3n de citas por internet que les ofrece sugerencias de personas compatibles, pero por las que no sienten atracci\u00f3n.<\/p>\n<p>&nbsp;<\/p>\n","protected":false},"excerpt":{"rendered":"<p>La trama de \u2018La puerta de al lado&#8217;, escrita por <a href=\"https:\/\/sertv.gob.pa\/crisolfm\/la-puerta-de-al-lado-en-el-teatro-la-estacion\/\"> [&#8230;]<\/a><\/p>\n","protected":false},"author":64,"featured_media":17080,"comment_status":"closed","ping_status":"closed","sticky":false,"template":"","format":"standard","meta":{"footnotes":""},"categories":[6],"tags":[],"class_list":["post-17078","post","type-post","status-publish","format-standard","has-post-thumbnail","hentry","category-culturales"],"_links":{"self":[{"href":"https:\/\/sertv.gob.pa\/crisolfm\/wp-json\/wp\/v2\/posts\/17078","targetHints":{"allow":["GET"]}}],"collection":[{"href":"https:\/\/sertv.gob.pa\/crisolfm\/wp-json\/wp\/v2\/posts"}],"about":[{"href":"https:\/\/sertv.gob.pa\/crisolfm\/wp-json\/wp\/v2\/types\/post"}],"author":[{"embeddable":true,"href":"https:\/\/sertv.gob.pa\/crisolfm\/wp-json\/wp\/v2\/users\/64"}],"replies":[{"embeddable":true,"href":"https:\/\/sertv.gob.pa\/crisolfm\/wp-json\/wp\/v2\/comments?post=17078"}],"version-history":[{"count":1,"href":"https:\/\/sertv.gob.pa\/crisolfm\/wp-json\/wp\/v2\/posts\/17078\/revisions"}],"predecessor-version":[{"id":17081,"href":"https:\/\/sertv.gob.pa\/crisolfm\/wp-json\/wp\/v2\/posts\/17078\/revisions\/17081"}],"wp:featuredmedia":[{"embeddable":true,"href":"https:\/\/sertv.gob.pa\/crisolfm\/wp-json\/wp\/v2\/media\/17080"}],"wp:attachment":[{"href":"https:\/\/sertv.gob.pa\/crisolfm\/wp-json\/wp\/v2\/media?parent=17078"}],"wp:term":[{"taxonomy":"category","embeddable":true,"href":"https:\/\/sertv.gob.pa\/crisolfm\/wp-json\/wp\/v2\/categories?post=17078"},{"taxonomy":"post_tag","embeddable":true,"href":"https:\/\/sertv.gob.pa\/crisolfm\/wp-json\/wp\/v2\/tags?post=17078"}],"curies":[{"name":"wp","href":"https:\/\/api.w.org\/{rel}","templated":true}]}}