{"id":17086,"date":"2019-02-12T13:10:54","date_gmt":"2019-02-12T13:10:54","guid":{"rendered":"https:\/\/sertv.gob.pa\/crisolfm\/?p=17086"},"modified":"2019-02-12T13:12:26","modified_gmt":"2019-02-12T13:12:26","slug":"comunidad-judia-recuerda-a-los-muertos-del-holocausto","status":"publish","type":"post","link":"https:\/\/sertv.gob.pa\/crisolfm\/comunidad-judia-recuerda-a-los-muertos-del-holocausto\/","title":{"rendered":"Comunidad jud\u00eda recuerda a los muertos del Holocausto"},"content":{"rendered":"<p>Por motivo del 75 aniversario tras la liberaci\u00f3n del pueblo jud\u00edo de manos de las tropas sovi\u00e9ticas del campo de concentraci\u00f3n y exterminio nazi de Auschwitz-Birkenau, la embajada de Israel junto al sistema de Organizaci\u00f3n de las Naciones Unidas en Panam\u00e1, efectuaron en el palacio Justo Arosemena una ceremonia de conmemoraci\u00f3n de las v\u00edctimas y sobrevivientes del genocidio. Reda Mansour, embajador de Israel en Panam\u00e1, dijo que \u201ces una oportunidad para todo el mundo, para no \u00fanicamente rememorar la historia del Holocausto, sino igualmente recordar que hay que luchar cada d\u00eda, cada a\u00f1o, en contra de todo tipo de odio, del antisemitismo y del racismo que tenemos por dentro\u201d.<\/p>\n<p>Seg\u00fan Mansour, \u201cparte del Holocausto que no es muy conocido, es que hab\u00eda unos embarques de jud\u00edos que lograron salir de Europa, pasaron a Estados Unidos y algunos pa\u00edses Latinoamericanos, pero no les aceptaron, as\u00ed que tuvieron que retornar a Alemania, donde fallecieron; por eso es importante recordarlo, especialmente cuando volvemos a hablar de inmigraci\u00f3n y personas que est\u00e1n huyendo de guerras\u201d. El embajador tambi\u00e9n record\u00f3 a los c\u00f3nsules de distintos pa\u00edses que otorgaron visas ilegales a inmigrantes durante la ocupaci\u00f3n nazi para salvar sus vidas. \u201cEstos diplom\u00e1ticos pagaron un precio muy alto. Ese es el poder humano que igualmente estamos recordando\u201d, expres\u00f3.<\/p>\n<p><strong>\u00a0<\/strong><\/p>\n<p>&nbsp;<\/p>\n<p>&nbsp;<\/p>\n<p>&nbsp;<\/p>\n","protected":false},"excerpt":{"rendered":"<p>Por motivo del 75 aniversario tras la liberaci\u00f3n del pueblo <a href=\"https:\/\/sertv.gob.pa\/crisolfm\/comunidad-judia-recuerda-a-los-muertos-del-holocausto\/\"> [&#8230;]<\/a><\/p>\n","protected":false},"author":64,"featured_media":17090,"comment_status":"closed","ping_status":"closed","sticky":false,"template":"","format":"standard","meta":{"footnotes":""},"categories":[6],"tags":[],"class_list":["post-17086","post","type-post","status-publish","format-standard","has-post-thumbnail","hentry","category-culturales"],"_links":{"self":[{"href":"https:\/\/sertv.gob.pa\/crisolfm\/wp-json\/wp\/v2\/posts\/17086","targetHints":{"allow":["GET"]}}],"collection":[{"href":"https:\/\/sertv.gob.pa\/crisolfm\/wp-json\/wp\/v2\/posts"}],"about":[{"href":"https:\/\/sertv.gob.pa\/crisolfm\/wp-json\/wp\/v2\/types\/post"}],"author":[{"embeddable":true,"href":"https:\/\/sertv.gob.pa\/crisolfm\/wp-json\/wp\/v2\/users\/64"}],"replies":[{"embeddable":true,"href":"https:\/\/sertv.gob.pa\/crisolfm\/wp-json\/wp\/v2\/comments?post=17086"}],"version-history":[{"count":2,"href":"https:\/\/sertv.gob.pa\/crisolfm\/wp-json\/wp\/v2\/posts\/17086\/revisions"}],"predecessor-version":[{"id":17092,"href":"https:\/\/sertv.gob.pa\/crisolfm\/wp-json\/wp\/v2\/posts\/17086\/revisions\/17092"}],"wp:featuredmedia":[{"embeddable":true,"href":"https:\/\/sertv.gob.pa\/crisolfm\/wp-json\/wp\/v2\/media\/17090"}],"wp:attachment":[{"href":"https:\/\/sertv.gob.pa\/crisolfm\/wp-json\/wp\/v2\/media?parent=17086"}],"wp:term":[{"taxonomy":"category","embeddable":true,"href":"https:\/\/sertv.gob.pa\/crisolfm\/wp-json\/wp\/v2\/categories?post=17086"},{"taxonomy":"post_tag","embeddable":true,"href":"https:\/\/sertv.gob.pa\/crisolfm\/wp-json\/wp\/v2\/tags?post=17086"}],"curies":[{"name":"wp","href":"https:\/\/api.w.org\/{rel}","templated":true}]}}