{"id":17113,"date":"2019-02-12T14:30:17","date_gmt":"2019-02-12T14:30:17","guid":{"rendered":"https:\/\/sertv.gob.pa\/crisolfm\/?p=17113"},"modified":"2019-02-12T14:30:17","modified_gmt":"2019-02-12T14:30:17","slug":"muere-guillermo-rodolfo-valdes-conocido-como-el-heroe-de-las-letras","status":"publish","type":"post","link":"https:\/\/sertv.gob.pa\/crisolfm\/muere-guillermo-rodolfo-valdes-conocido-como-el-heroe-de-las-letras\/","title":{"rendered":"Muere Guillermo Rodolfo Vald\u00e9s, conocido como el h\u00e9roe de las letras"},"content":{"rendered":"<p>El periodista y diplom\u00e1tico Guillermo Rodolfo Vald\u00e9s, conocido como el h\u00e9roe de las letras gracias a su extensa y exitosa carrera en medios impresos, radiales y televisivos, muri\u00f3 el pasado domingo. \u00a0El F\u00f3rum de Periodistas confirm\u00f3 la informaci\u00f3n en su cuenta de Twitter y extendieron sus condolencias a sus familiares y amigos.<\/p>\n<p>Las personas que le\u00edan sus escritos aseguran que ten\u00edan un magnetismo y estilo especial. A principios de la d\u00e9cada de los a\u00f1os sesenta, el gobernador de la Zona del Canal Robert J. Fleming, le confiri\u00f3 la \u201cLlave de Oro del Canal\u201d. Adem\u00e1s, fue Embajador y Ministro Plenipotenciario de Panam\u00e1 ante la Asamblea General de las Naciones Unidas, miembro de la Junta Nacional de Censura de Espect\u00e1culos, entre otros cargos.<\/p>\n<p>&nbsp;<\/p>\n","protected":false},"excerpt":{"rendered":"<p>El periodista y diplom\u00e1tico Guillermo Rodolfo Vald\u00e9s, conocido como el <a href=\"https:\/\/sertv.gob.pa\/crisolfm\/muere-guillermo-rodolfo-valdes-conocido-como-el-heroe-de-las-letras\/\"> [&#8230;]<\/a><\/p>\n","protected":false},"author":64,"featured_media":17115,"comment_status":"closed","ping_status":"closed","sticky":false,"template":"","format":"standard","meta":{"footnotes":""},"categories":[6],"tags":[],"class_list":["post-17113","post","type-post","status-publish","format-standard","has-post-thumbnail","hentry","category-culturales"],"_links":{"self":[{"href":"https:\/\/sertv.gob.pa\/crisolfm\/wp-json\/wp\/v2\/posts\/17113","targetHints":{"allow":["GET"]}}],"collection":[{"href":"https:\/\/sertv.gob.pa\/crisolfm\/wp-json\/wp\/v2\/posts"}],"about":[{"href":"https:\/\/sertv.gob.pa\/crisolfm\/wp-json\/wp\/v2\/types\/post"}],"author":[{"embeddable":true,"href":"https:\/\/sertv.gob.pa\/crisolfm\/wp-json\/wp\/v2\/users\/64"}],"replies":[{"embeddable":true,"href":"https:\/\/sertv.gob.pa\/crisolfm\/wp-json\/wp\/v2\/comments?post=17113"}],"version-history":[{"count":1,"href":"https:\/\/sertv.gob.pa\/crisolfm\/wp-json\/wp\/v2\/posts\/17113\/revisions"}],"predecessor-version":[{"id":17116,"href":"https:\/\/sertv.gob.pa\/crisolfm\/wp-json\/wp\/v2\/posts\/17113\/revisions\/17116"}],"wp:featuredmedia":[{"embeddable":true,"href":"https:\/\/sertv.gob.pa\/crisolfm\/wp-json\/wp\/v2\/media\/17115"}],"wp:attachment":[{"href":"https:\/\/sertv.gob.pa\/crisolfm\/wp-json\/wp\/v2\/media?parent=17113"}],"wp:term":[{"taxonomy":"category","embeddable":true,"href":"https:\/\/sertv.gob.pa\/crisolfm\/wp-json\/wp\/v2\/categories?post=17113"},{"taxonomy":"post_tag","embeddable":true,"href":"https:\/\/sertv.gob.pa\/crisolfm\/wp-json\/wp\/v2\/tags?post=17113"}],"curies":[{"name":"wp","href":"https:\/\/api.w.org\/{rel}","templated":true}]}}