{"id":17141,"date":"2019-02-13T13:23:40","date_gmt":"2019-02-13T13:23:40","guid":{"rendered":"https:\/\/sertv.gob.pa\/crisolfm\/?p=17141"},"modified":"2019-02-13T13:23:40","modified_gmt":"2019-02-13T13:23:40","slug":"emilio-lara-gana-el-ii-premio-edhasa-con-la-novela-tiempos-de-esperanza","status":"publish","type":"post","link":"https:\/\/sertv.gob.pa\/crisolfm\/emilio-lara-gana-el-ii-premio-edhasa-con-la-novela-tiempos-de-esperanza\/","title":{"rendered":"Emilio Lara gana el II Premio Edhasa con la novela \u00abTiempos de esperanza\u00bb"},"content":{"rendered":"<p>El doctor en Antropolog\u00eda y profesor Emilio Lara ha ganado hoy el <strong>II Premio Edhasa de Narrativas Hist\u00f3ricas<\/strong> con \u00abTiempos de esperanza\u00bb, una novela de guerras, fanatismos y miedos, pero tambi\u00e9n de amistad, amor y esperanza, que transcurre en el a\u00f1o 1212.<\/p>\n<p>El jurado, compuesto por Daniel Fern\u00e1ndez, Jacinto Ant\u00f3n, Carlos Garc\u00eda Gual,<strong> Sergio Vila-Sanju\u00e1n y Mari Pau Dom\u00ednguez<\/strong>, considera que la obra era merecedora del premio por \u00abser una novela coral con una estructura admirablemente resuelta; por el inter\u00e9s de la trama, que nunca decae\u00bb y porque \u00abconsigue desarrollar varias intrigas paralelas, con personajes siempre vivos y bien trazados\u00bb, informa Efe.<\/p>\n<p>Nacido en Ja\u00e9n en 1968, Emilio Lara es autor de otros t\u00edtulos como <strong>\u00abLa cofrad\u00eda de la Armada Invencible\u00bb<\/strong>, publicada por Edhasa en 2016, o \u00abEl relojero de la Puerta del Sol\u00bb, en el mismo sello editorial, con el que obtuvo el Premio de Novela Hist\u00f3rica Ciudad de Cartagena y el Premio Andaluc\u00eda de la Cr\u00edtica.<\/p>\n<p>ABC Cultura<\/p>\n","protected":false},"excerpt":{"rendered":"<p>El doctor en Antropolog\u00eda y profesor Emilio Lara ha ganado <a href=\"https:\/\/sertv.gob.pa\/crisolfm\/emilio-lara-gana-el-ii-premio-edhasa-con-la-novela-tiempos-de-esperanza\/\"> [&#8230;]<\/a><\/p>\n","protected":false},"author":64,"featured_media":17143,"comment_status":"closed","ping_status":"closed","sticky":false,"template":"","format":"standard","meta":{"footnotes":""},"categories":[6],"tags":[],"class_list":["post-17141","post","type-post","status-publish","format-standard","has-post-thumbnail","hentry","category-culturales"],"_links":{"self":[{"href":"https:\/\/sertv.gob.pa\/crisolfm\/wp-json\/wp\/v2\/posts\/17141","targetHints":{"allow":["GET"]}}],"collection":[{"href":"https:\/\/sertv.gob.pa\/crisolfm\/wp-json\/wp\/v2\/posts"}],"about":[{"href":"https:\/\/sertv.gob.pa\/crisolfm\/wp-json\/wp\/v2\/types\/post"}],"author":[{"embeddable":true,"href":"https:\/\/sertv.gob.pa\/crisolfm\/wp-json\/wp\/v2\/users\/64"}],"replies":[{"embeddable":true,"href":"https:\/\/sertv.gob.pa\/crisolfm\/wp-json\/wp\/v2\/comments?post=17141"}],"version-history":[{"count":1,"href":"https:\/\/sertv.gob.pa\/crisolfm\/wp-json\/wp\/v2\/posts\/17141\/revisions"}],"predecessor-version":[{"id":17144,"href":"https:\/\/sertv.gob.pa\/crisolfm\/wp-json\/wp\/v2\/posts\/17141\/revisions\/17144"}],"wp:featuredmedia":[{"embeddable":true,"href":"https:\/\/sertv.gob.pa\/crisolfm\/wp-json\/wp\/v2\/media\/17143"}],"wp:attachment":[{"href":"https:\/\/sertv.gob.pa\/crisolfm\/wp-json\/wp\/v2\/media?parent=17141"}],"wp:term":[{"taxonomy":"category","embeddable":true,"href":"https:\/\/sertv.gob.pa\/crisolfm\/wp-json\/wp\/v2\/categories?post=17141"},{"taxonomy":"post_tag","embeddable":true,"href":"https:\/\/sertv.gob.pa\/crisolfm\/wp-json\/wp\/v2\/tags?post=17141"}],"curies":[{"name":"wp","href":"https:\/\/api.w.org\/{rel}","templated":true}]}}