{"id":17145,"date":"2019-02-13T13:39:46","date_gmt":"2019-02-13T13:39:46","guid":{"rendered":"https:\/\/sertv.gob.pa\/crisolfm\/?p=17145"},"modified":"2019-02-13T13:39:46","modified_gmt":"2019-02-13T13:39:46","slug":"se-busca-tumba-de-romulo-fundador-y-primer-rey-de-roma-bajo-lo-que-fue-el-senado","status":"publish","type":"post","link":"https:\/\/sertv.gob.pa\/crisolfm\/se-busca-tumba-de-romulo-fundador-y-primer-rey-de-roma-bajo-lo-que-fue-el-senado\/","title":{"rendered":"Se busca tumba de R\u00f3mulo, fundador y primer rey de Roma, bajo lo que fue el Senado"},"content":{"rendered":"<p>Se est\u00e1 a punto de iniciar las excavaciones en el coraz\u00f3n de la antigua Roma para<strong> dar con la tumba de R\u00f3mulo, el legendario fundador de la ciudad<\/strong>. En la tradici\u00f3n mitol\u00f3gica romana, los dos hermanos gemelos, R\u00f3mulo y Remo, hijos de Rea Silva, descendiente de Enea y de Marte, fueron <strong>amamantados por una loba<\/strong>, que sigue siendo hoy el s\u00edmbolo de la ciudad.<\/p>\n<p>Seg\u00fan la leyenda, de la que existen varias versiones, <strong>R\u00f3mulo fue el fundador ep\u00f3nimo de Roma en el a\u00f1o 753 a.C,<\/strong> y se convirti\u00f3 en su primer rey. Todos los a\u00f1os la ciudad eterna celebra el 21 de abril con diversos eventos su Natividad. Ahora se busca un <strong>sarc\u00f3fago de piedra con m\u00e1s de 2.500 a\u00f1os de antig\u00fcedad<\/strong>, vinculado con la leyenda de R\u00f3mulo. Los arque\u00f3logos creen que se encuentra a casi <strong>cuatro metros de profundidad, debajo del edificio conocido como Curia Iulia<\/strong>, sede o \u201ccasa\u201d del antiguo Senado romano. El sarc\u00f3fago, que se supone datado en el siglo IV a.C., se habr\u00eda colocado all\u00ed en una c\u00e1mara, cuatro siglos despu\u00e9s de la muerte de R\u00f3mulo, por ser considerado un lugar sagrado del Foro romano. Se le habr\u00eda dado un gran valor simb\u00f3lico, como recuerdo al primer rey de Roma.<\/p>\n<p>ABC Cultura<\/p>\n","protected":false},"excerpt":{"rendered":"<p>Se est\u00e1 a punto de iniciar las excavaciones en el <a href=\"https:\/\/sertv.gob.pa\/crisolfm\/se-busca-tumba-de-romulo-fundador-y-primer-rey-de-roma-bajo-lo-que-fue-el-senado\/\"> [&#8230;]<\/a><\/p>\n","protected":false},"author":64,"featured_media":17147,"comment_status":"closed","ping_status":"closed","sticky":false,"template":"","format":"standard","meta":{"footnotes":""},"categories":[6],"tags":[],"class_list":["post-17145","post","type-post","status-publish","format-standard","has-post-thumbnail","hentry","category-culturales"],"_links":{"self":[{"href":"https:\/\/sertv.gob.pa\/crisolfm\/wp-json\/wp\/v2\/posts\/17145","targetHints":{"allow":["GET"]}}],"collection":[{"href":"https:\/\/sertv.gob.pa\/crisolfm\/wp-json\/wp\/v2\/posts"}],"about":[{"href":"https:\/\/sertv.gob.pa\/crisolfm\/wp-json\/wp\/v2\/types\/post"}],"author":[{"embeddable":true,"href":"https:\/\/sertv.gob.pa\/crisolfm\/wp-json\/wp\/v2\/users\/64"}],"replies":[{"embeddable":true,"href":"https:\/\/sertv.gob.pa\/crisolfm\/wp-json\/wp\/v2\/comments?post=17145"}],"version-history":[{"count":1,"href":"https:\/\/sertv.gob.pa\/crisolfm\/wp-json\/wp\/v2\/posts\/17145\/revisions"}],"predecessor-version":[{"id":17148,"href":"https:\/\/sertv.gob.pa\/crisolfm\/wp-json\/wp\/v2\/posts\/17145\/revisions\/17148"}],"wp:featuredmedia":[{"embeddable":true,"href":"https:\/\/sertv.gob.pa\/crisolfm\/wp-json\/wp\/v2\/media\/17147"}],"wp:attachment":[{"href":"https:\/\/sertv.gob.pa\/crisolfm\/wp-json\/wp\/v2\/media?parent=17145"}],"wp:term":[{"taxonomy":"category","embeddable":true,"href":"https:\/\/sertv.gob.pa\/crisolfm\/wp-json\/wp\/v2\/categories?post=17145"},{"taxonomy":"post_tag","embeddable":true,"href":"https:\/\/sertv.gob.pa\/crisolfm\/wp-json\/wp\/v2\/tags?post=17145"}],"curies":[{"name":"wp","href":"https:\/\/api.w.org\/{rel}","templated":true}]}}