{"id":17176,"date":"2019-02-14T12:34:43","date_gmt":"2019-02-14T12:34:43","guid":{"rendered":"https:\/\/sertv.gob.pa\/crisolfm\/?p=17176"},"modified":"2019-02-14T12:34:43","modified_gmt":"2019-02-14T12:34:43","slug":"hoy-se-presenta-tocando-madera-en-museo-de-arte-contemporaneo-mac","status":"publish","type":"post","link":"https:\/\/sertv.gob.pa\/crisolfm\/hoy-se-presenta-tocando-madera-en-museo-de-arte-contemporaneo-mac\/","title":{"rendered":"Hoy se presenta \u201cTocando Madera\u201d en Museo de Arte Contempor\u00e1neo (MAC)"},"content":{"rendered":"<p>Representantes del movimiento de cantautores \u201cTocando Madera\u201d se acercaron en el 2018 a responsables del\u00a0<a href=\"https:\/\/www.prensa.com\/tema\/museo_de_arte_contemporaneo\/\" target=\"_blank\" rel=\"noopener\">Museo de Arte Contempor\u00e1neo (MAC)<\/a> para crear una alianza entre ambos. Resultado de este encuentro es que cada mes, miembros de Tocando Madera, colectivo que en este 2019 cumple sus primeros 15 a\u00f1os de existencia, ofrecer\u00e1n sus talentos en el MAC. El primero ocurrir\u00e1 hoy 14 de febrero, a las 7:00 p.m., en el concierto \u201cM\u00fasica, amor y amistad\u201d, con los cantautores <strong>Carlos M\u00e9ndez, F\u00e1tima Gonz\u00e1lez <\/strong>y<strong> Jos\u00e9 Yau<\/strong>. La entrada es gratis.<\/p>\n<p>\u201cIntercambiaremos en la programaci\u00f3n de este ciclo entre cantautores que tienen experiencia con j\u00f3venes que ya integran la quinta generaci\u00f3n de cantautores paname\u00f1os\u201d, anota Yigo Sugasti, l\u00edder de Tocando Madera. Ser\u00e1n artistas como: Germ\u00e1n Pinz\u00f3n Jim\u00e9nez (Veraguas), Fausto Moreno (Col\u00f3n), Jackie Plummer (Panam\u00e1), Lilo S\u00e1nchez (Panam\u00e1), Ses Manrique (Panam\u00e1 Oeste), Carlos Vallarino (Panam\u00e1), Javier Medina Bernal (Los Santos), Karla Lamboglia (Panam\u00e1), mas invitados internacionales.<\/p>\n<p>&nbsp;<\/p>\n","protected":false},"excerpt":{"rendered":"<p>Representantes del movimiento de cantautores \u201cTocando Madera\u201d se acercaron en <a href=\"https:\/\/sertv.gob.pa\/crisolfm\/hoy-se-presenta-tocando-madera-en-museo-de-arte-contemporaneo-mac\/\"> [&#8230;]<\/a><\/p>\n","protected":false},"author":64,"featured_media":17178,"comment_status":"closed","ping_status":"closed","sticky":false,"template":"","format":"standard","meta":{"footnotes":""},"categories":[6],"tags":[],"class_list":["post-17176","post","type-post","status-publish","format-standard","has-post-thumbnail","hentry","category-culturales"],"_links":{"self":[{"href":"https:\/\/sertv.gob.pa\/crisolfm\/wp-json\/wp\/v2\/posts\/17176","targetHints":{"allow":["GET"]}}],"collection":[{"href":"https:\/\/sertv.gob.pa\/crisolfm\/wp-json\/wp\/v2\/posts"}],"about":[{"href":"https:\/\/sertv.gob.pa\/crisolfm\/wp-json\/wp\/v2\/types\/post"}],"author":[{"embeddable":true,"href":"https:\/\/sertv.gob.pa\/crisolfm\/wp-json\/wp\/v2\/users\/64"}],"replies":[{"embeddable":true,"href":"https:\/\/sertv.gob.pa\/crisolfm\/wp-json\/wp\/v2\/comments?post=17176"}],"version-history":[{"count":1,"href":"https:\/\/sertv.gob.pa\/crisolfm\/wp-json\/wp\/v2\/posts\/17176\/revisions"}],"predecessor-version":[{"id":17179,"href":"https:\/\/sertv.gob.pa\/crisolfm\/wp-json\/wp\/v2\/posts\/17176\/revisions\/17179"}],"wp:featuredmedia":[{"embeddable":true,"href":"https:\/\/sertv.gob.pa\/crisolfm\/wp-json\/wp\/v2\/media\/17178"}],"wp:attachment":[{"href":"https:\/\/sertv.gob.pa\/crisolfm\/wp-json\/wp\/v2\/media?parent=17176"}],"wp:term":[{"taxonomy":"category","embeddable":true,"href":"https:\/\/sertv.gob.pa\/crisolfm\/wp-json\/wp\/v2\/categories?post=17176"},{"taxonomy":"post_tag","embeddable":true,"href":"https:\/\/sertv.gob.pa\/crisolfm\/wp-json\/wp\/v2\/tags?post=17176"}],"curies":[{"name":"wp","href":"https:\/\/api.w.org\/{rel}","templated":true}]}}