{"id":17180,"date":"2019-02-14T12:46:06","date_gmt":"2019-02-14T12:46:06","guid":{"rendered":"https:\/\/sertv.gob.pa\/crisolfm\/?p=17180"},"modified":"2019-02-14T12:46:06","modified_gmt":"2019-02-14T12:46:06","slug":"coro-gracias-culmina-con-exito","status":"publish","type":"post","link":"https:\/\/sertv.gob.pa\/crisolfm\/coro-gracias-culmina-con-exito\/","title":{"rendered":"Coro Gracias culmina con \u00e9xito"},"content":{"rendered":"<p>El Coro Gracias, de Corea del Sur, un conjunto musical conformado por 120 integrantes \u00a0interpretan g\u00e9neros actuales y m\u00fasica cl\u00e1sica. Este grupo particip\u00f3 en el Festival Mundial de Culturas, que se llev\u00f3 a cabo en Panam\u00e1, y culmin\u00f3 este mi\u00e9rcoles con el concierto cumbre, el \u2018Christmas Cantata&#8217;, que logr\u00f3 deleitar a los asistentes con melod\u00edas cristianas y navide\u00f1as. La soprano Hyemi Choi cont\u00f3 que el coro fue fundado por el pastor Ock Soo Park, en el a\u00f1o 2000, en la iglesia Misi\u00f3n Buenas Nuevas.<\/p>\n<p>\u2018Al inicio \u00e9ramos 12 personas, ahora somos 120 entre el coro y orquesta. El nombre se escogi\u00f3 en espa\u00f1ol porque \u2018nos gust\u00f3 y suena bien&#8217;; decidimos llamarnos de esta manera por las bendiciones que hemos recibido&#8217;, comenta Choi. La artista relata que el coro tuvo la oportunidad de presentarse en sitios importantes como el Sydney Opera House y el Haydem Hall. Producto de su sacrificio y dedicaci\u00f3n, el Coro Gracias obtuvo en 2015 el primer lugar en el Decimocuarto Concurso Internacional Coral de Maastricht en Alemania, considerado el m\u00e1s prestigioso a nivel de coros. Igualmente han participado en varias competencias corales en pa\u00edses como Italia, Corea del Sur y Suiza.<\/p>\n<p>&nbsp;<\/p>\n","protected":false},"excerpt":{"rendered":"<p>El Coro Gracias, de Corea del Sur, un conjunto musical <a href=\"https:\/\/sertv.gob.pa\/crisolfm\/coro-gracias-culmina-con-exito\/\"> [&#8230;]<\/a><\/p>\n","protected":false},"author":64,"featured_media":17182,"comment_status":"closed","ping_status":"closed","sticky":false,"template":"","format":"standard","meta":{"footnotes":""},"categories":[6],"tags":[],"class_list":["post-17180","post","type-post","status-publish","format-standard","has-post-thumbnail","hentry","category-culturales"],"_links":{"self":[{"href":"https:\/\/sertv.gob.pa\/crisolfm\/wp-json\/wp\/v2\/posts\/17180","targetHints":{"allow":["GET"]}}],"collection":[{"href":"https:\/\/sertv.gob.pa\/crisolfm\/wp-json\/wp\/v2\/posts"}],"about":[{"href":"https:\/\/sertv.gob.pa\/crisolfm\/wp-json\/wp\/v2\/types\/post"}],"author":[{"embeddable":true,"href":"https:\/\/sertv.gob.pa\/crisolfm\/wp-json\/wp\/v2\/users\/64"}],"replies":[{"embeddable":true,"href":"https:\/\/sertv.gob.pa\/crisolfm\/wp-json\/wp\/v2\/comments?post=17180"}],"version-history":[{"count":1,"href":"https:\/\/sertv.gob.pa\/crisolfm\/wp-json\/wp\/v2\/posts\/17180\/revisions"}],"predecessor-version":[{"id":17183,"href":"https:\/\/sertv.gob.pa\/crisolfm\/wp-json\/wp\/v2\/posts\/17180\/revisions\/17183"}],"wp:featuredmedia":[{"embeddable":true,"href":"https:\/\/sertv.gob.pa\/crisolfm\/wp-json\/wp\/v2\/media\/17182"}],"wp:attachment":[{"href":"https:\/\/sertv.gob.pa\/crisolfm\/wp-json\/wp\/v2\/media?parent=17180"}],"wp:term":[{"taxonomy":"category","embeddable":true,"href":"https:\/\/sertv.gob.pa\/crisolfm\/wp-json\/wp\/v2\/categories?post=17180"},{"taxonomy":"post_tag","embeddable":true,"href":"https:\/\/sertv.gob.pa\/crisolfm\/wp-json\/wp\/v2\/tags?post=17180"}],"curies":[{"name":"wp","href":"https:\/\/api.w.org\/{rel}","templated":true}]}}