{"id":17188,"date":"2019-02-14T13:22:14","date_gmt":"2019-02-14T13:22:14","guid":{"rendered":"https:\/\/sertv.gob.pa\/crisolfm\/?p=17188"},"modified":"2019-02-14T13:22:14","modified_gmt":"2019-02-14T13:22:14","slug":"actor-morgan-freeman-estara-de-visita-en-panama","status":"publish","type":"post","link":"https:\/\/sertv.gob.pa\/crisolfm\/actor-morgan-freeman-estara-de-visita-en-panama\/","title":{"rendered":"Actor Morgan Freeman estar\u00e1 de visita en Panam\u00e1"},"content":{"rendered":"<p>El actor estadounidense, Morgan Freeman, estar\u00e1 de visita en Panam\u00e1 para la inauguraci\u00f3n de Cinema IMAX Canal de Panam\u00e1, que posiblemente ser\u00e1 el 27 de febrero de 2019. El director de proyectos de la ACP, Miguel Ara\u00faz, manifest\u00f3 que en la inauguraci\u00f3n se estrenar\u00e1 el documental \u201cCanal de Panam\u00e1: Una tierra dividida, un mundo unido\u201d, que presenta la historia de la obra arquitect\u00f3nica, mostrando los retos que ha significado dise\u00f1arlo, construirlo, operarlo, mantenerlo y renovarlo mediante su reciente ampliaci\u00f3n. Igualmente, elementos de nuestra historia y su vinculaci\u00f3n por la creaci\u00f3n y operaci\u00f3n de esta obra.<\/p>\n<p>El productor de la cinta, Gordon Bijelonic, deseaba una voz ic\u00f3nica a nivel mundial y reconocible para narrar la historia y Freeman, quien hab\u00eda visitado antes el pa\u00eds, expres\u00f3 su inter\u00e9s en participar en el proyecto cuando se le dijo. Camino de Cruces, partes de la selva del Dari\u00e9n, ciudad de Panam\u00e1 en el presente y secuencias f\u00edlmicas que muestran la exuberante biodiversidad y los paisajes, son algunos de los sitios donde se film\u00f3 esta historia.<\/p>\n<p>&nbsp;<\/p>\n<p>&nbsp;<\/p>\n","protected":false},"excerpt":{"rendered":"<p>El actor estadounidense, Morgan Freeman, estar\u00e1 de visita en Panam\u00e1 <a href=\"https:\/\/sertv.gob.pa\/crisolfm\/actor-morgan-freeman-estara-de-visita-en-panama\/\"> [&#8230;]<\/a><\/p>\n","protected":false},"author":64,"featured_media":17190,"comment_status":"closed","ping_status":"closed","sticky":false,"template":"","format":"standard","meta":{"footnotes":""},"categories":[6],"tags":[],"class_list":["post-17188","post","type-post","status-publish","format-standard","has-post-thumbnail","hentry","category-culturales"],"_links":{"self":[{"href":"https:\/\/sertv.gob.pa\/crisolfm\/wp-json\/wp\/v2\/posts\/17188","targetHints":{"allow":["GET"]}}],"collection":[{"href":"https:\/\/sertv.gob.pa\/crisolfm\/wp-json\/wp\/v2\/posts"}],"about":[{"href":"https:\/\/sertv.gob.pa\/crisolfm\/wp-json\/wp\/v2\/types\/post"}],"author":[{"embeddable":true,"href":"https:\/\/sertv.gob.pa\/crisolfm\/wp-json\/wp\/v2\/users\/64"}],"replies":[{"embeddable":true,"href":"https:\/\/sertv.gob.pa\/crisolfm\/wp-json\/wp\/v2\/comments?post=17188"}],"version-history":[{"count":1,"href":"https:\/\/sertv.gob.pa\/crisolfm\/wp-json\/wp\/v2\/posts\/17188\/revisions"}],"predecessor-version":[{"id":17191,"href":"https:\/\/sertv.gob.pa\/crisolfm\/wp-json\/wp\/v2\/posts\/17188\/revisions\/17191"}],"wp:featuredmedia":[{"embeddable":true,"href":"https:\/\/sertv.gob.pa\/crisolfm\/wp-json\/wp\/v2\/media\/17190"}],"wp:attachment":[{"href":"https:\/\/sertv.gob.pa\/crisolfm\/wp-json\/wp\/v2\/media?parent=17188"}],"wp:term":[{"taxonomy":"category","embeddable":true,"href":"https:\/\/sertv.gob.pa\/crisolfm\/wp-json\/wp\/v2\/categories?post=17188"},{"taxonomy":"post_tag","embeddable":true,"href":"https:\/\/sertv.gob.pa\/crisolfm\/wp-json\/wp\/v2\/tags?post=17188"}],"curies":[{"name":"wp","href":"https:\/\/api.w.org\/{rel}","templated":true}]}}