{"id":17255,"date":"2019-02-15T13:41:46","date_gmt":"2019-02-15T13:41:46","guid":{"rendered":"https:\/\/sertv.gob.pa\/crisolfm\/?p=17255"},"modified":"2019-02-15T13:41:46","modified_gmt":"2019-02-15T13:41:46","slug":"juan-del-val-premio-primavera-de-novela-2019-por-candela","status":"publish","type":"post","link":"https:\/\/sertv.gob.pa\/crisolfm\/juan-del-val-premio-primavera-de-novela-2019-por-candela\/","title":{"rendered":"Juan del Val, premio Primavera de Novela 2019 por \u00abCandela\u00bb"},"content":{"rendered":"<p>El guionista <a href=\"https:\/\/www.abc.es\/estilo\/gente\/abci-confesiones-mas-intimas-nuria-roca-vida-sexual-y-primera-terapia-pareja-201811131718_noticia.html\" target=\"_blank\" rel=\"noopener\">Juan del Val <\/a>ha ganado el <strong>Premio Primavera de Novela <\/strong>2019, convocado por Espasa y \u00c1mbito Cultural de El Corte Ingl\u00e9s y dotado con <strong>100.000 euros, por \u00abCandela\u00bb<\/strong>, una obra literaria escrita \u00abdesde la voz de una mujer que no sabe qui\u00e9n es y ve la vida con humor\u00bb, seg\u00fan ha se\u00f1alado su propio autor. El jurado, presidido por <a href=\"https:\/\/www.abc.es\/cultura\/cultural\/abci-ultimas-palabras-principe-excentrico-y-imperio-201706060207_noticia.html\" target=\"_blank\" rel=\"noopener\">Carme Riera<\/a>, ha destacado que se trata de \u00abuna novela contempor\u00e1nea maravillosamente dibujada con la que <strong>todas las mujeres se van a identificar<\/strong> en alg\u00fan momento\u00bb. Adem\u00e1s, ha destacado de esta <strong>cr\u00f3nica urbana en clave de tragicomedia<\/strong>, su sentido del humor, su frescura narrativa y su friso de personajes pegados a la realidad, lleno de renuncias y anhelos.<\/p>\n<p>Candela es una mujer de cuarenta y pocos a\u00f1os con una vida normal, acostumbrada a la<strong> soledad<\/strong>, enormemente <strong>observadora<\/strong> y con un<strong> \u00e1cido sentido del humor<\/strong>. Sus d\u00edas transcurren sin grandes sobresaltos mientras trabaja de camarera en el bar que regenta junto a su abuela y a su madre tuerta. Un bar de barrio por el que, a trav\u00e9s de sus clientes, pasa la vida entera. <a href=\"https:\/\/www.abc.es\/cultura\/libros\/abci-javier-moro-premio-primavera-2018-201802231223_noticia.html\" target=\"_blank\" rel=\"noopener\">Esta edici\u00f3n <\/a>ha contado con 1125 obras presentadas. Espa\u00f1a, que aporta 522 novelas, encabeza la lista de participantes. Madrid, encabeza la lista de Comunidades Aut\u00f3nomas con 116 originales, seguida de Andaluc\u00eda, con 76, y Catalu\u00f1a, con 75.<\/p>\n<p>ABC Cultura<\/p>\n","protected":false},"excerpt":{"rendered":"<p>El guionista Juan del Val ha ganado el Premio Primavera <a href=\"https:\/\/sertv.gob.pa\/crisolfm\/juan-del-val-premio-primavera-de-novela-2019-por-candela\/\"> [&#8230;]<\/a><\/p>\n","protected":false},"author":64,"featured_media":17257,"comment_status":"closed","ping_status":"closed","sticky":false,"template":"","format":"standard","meta":{"footnotes":""},"categories":[6],"tags":[],"class_list":["post-17255","post","type-post","status-publish","format-standard","has-post-thumbnail","hentry","category-culturales"],"_links":{"self":[{"href":"https:\/\/sertv.gob.pa\/crisolfm\/wp-json\/wp\/v2\/posts\/17255","targetHints":{"allow":["GET"]}}],"collection":[{"href":"https:\/\/sertv.gob.pa\/crisolfm\/wp-json\/wp\/v2\/posts"}],"about":[{"href":"https:\/\/sertv.gob.pa\/crisolfm\/wp-json\/wp\/v2\/types\/post"}],"author":[{"embeddable":true,"href":"https:\/\/sertv.gob.pa\/crisolfm\/wp-json\/wp\/v2\/users\/64"}],"replies":[{"embeddable":true,"href":"https:\/\/sertv.gob.pa\/crisolfm\/wp-json\/wp\/v2\/comments?post=17255"}],"version-history":[{"count":1,"href":"https:\/\/sertv.gob.pa\/crisolfm\/wp-json\/wp\/v2\/posts\/17255\/revisions"}],"predecessor-version":[{"id":17258,"href":"https:\/\/sertv.gob.pa\/crisolfm\/wp-json\/wp\/v2\/posts\/17255\/revisions\/17258"}],"wp:featuredmedia":[{"embeddable":true,"href":"https:\/\/sertv.gob.pa\/crisolfm\/wp-json\/wp\/v2\/media\/17257"}],"wp:attachment":[{"href":"https:\/\/sertv.gob.pa\/crisolfm\/wp-json\/wp\/v2\/media?parent=17255"}],"wp:term":[{"taxonomy":"category","embeddable":true,"href":"https:\/\/sertv.gob.pa\/crisolfm\/wp-json\/wp\/v2\/categories?post=17255"},{"taxonomy":"post_tag","embeddable":true,"href":"https:\/\/sertv.gob.pa\/crisolfm\/wp-json\/wp\/v2\/tags?post=17255"}],"curies":[{"name":"wp","href":"https:\/\/api.w.org\/{rel}","templated":true}]}}