{"id":17259,"date":"2019-02-15T13:49:18","date_gmt":"2019-02-15T13:49:18","guid":{"rendered":"https:\/\/sertv.gob.pa\/crisolfm\/?p=17259"},"modified":"2019-02-15T13:49:18","modified_gmt":"2019-02-15T13:49:18","slug":"inedita-exposicion-de-rembrandt-el-primer-instagramer-de-la-historia","status":"publish","type":"post","link":"https:\/\/sertv.gob.pa\/crisolfm\/inedita-exposicion-de-rembrandt-el-primer-instagramer-de-la-historia\/","title":{"rendered":"In\u00e9dita exposici\u00f3n de Rembrandt, el &#8216;primer instagramer&#8217; de la historia"},"content":{"rendered":"<p>El Rijksmuseum de \u00c1msterdam present\u00f3 su primera exposici\u00f3n de todas sus obras de Rembrandt, con motivo del 350\u00ba aniversario de la muerte del famoso pintor neerland\u00e9s, apodado el \u00abprimer instagramer\u00bb, sin quien las redes sociales no ser\u00edan lo que son hoy en d\u00eda. La exposici\u00f3n hist\u00f3rica, que re\u00fane cerca de 400 pinturas, dibujos y bocetos, busca ilustrar c\u00f3mo los innumerables autorretratos del maestro de la edad de oro de la pintura holandesa, y sus representaciones de su mundo circundante han inspirado y prefigurado los reflejos de la sociedad actual.<\/p>\n<p>\u00abRembrandt ha sido el primer artista de la historia, inclusive podr\u00edamos decir el primer &#8216;instagramer&#8217;, que captur\u00f3 su propia vida\u00bb, se\u00f1al\u00f3 el director del Rijksmuseum, Taco Dibbits\u00bbNing\u00fan artista ha realizado tantos autorretratos como Rembrandt. Pintaba a su familia, dibujaba a sus amigos, sal\u00eda a la calle, al campo, e incluso nos dejaba entrar en su propia habitaci\u00f3n, o nos mostraba a su esposa enferma\u00bb, declar\u00f3 Dibbits. La exposici\u00f3n, abierta al p\u00fablico desde el 15 de febrero hasta el 10 de junio de este a\u00f1o, ser\u00e1 la \u00faltima oportunidad de admirar serenamente su famosa obra maestra \u00abDe Nachtwacht\u00bb (\u00abLa Ronda de Noche\u00bb o \u00abLa ronda nocturna\u00bb), antes de que el enorme cuadro sea confiado durante varios meses a los restauradores.<\/p>\n<p>El Espectador<\/p>\n","protected":false},"excerpt":{"rendered":"<p>El Rijksmuseum de \u00c1msterdam present\u00f3 su primera exposici\u00f3n de todas <a href=\"https:\/\/sertv.gob.pa\/crisolfm\/inedita-exposicion-de-rembrandt-el-primer-instagramer-de-la-historia\/\"> [&#8230;]<\/a><\/p>\n","protected":false},"author":64,"featured_media":17262,"comment_status":"closed","ping_status":"closed","sticky":false,"template":"","format":"standard","meta":{"footnotes":""},"categories":[6],"tags":[],"class_list":["post-17259","post","type-post","status-publish","format-standard","has-post-thumbnail","hentry","category-culturales"],"_links":{"self":[{"href":"https:\/\/sertv.gob.pa\/crisolfm\/wp-json\/wp\/v2\/posts\/17259","targetHints":{"allow":["GET"]}}],"collection":[{"href":"https:\/\/sertv.gob.pa\/crisolfm\/wp-json\/wp\/v2\/posts"}],"about":[{"href":"https:\/\/sertv.gob.pa\/crisolfm\/wp-json\/wp\/v2\/types\/post"}],"author":[{"embeddable":true,"href":"https:\/\/sertv.gob.pa\/crisolfm\/wp-json\/wp\/v2\/users\/64"}],"replies":[{"embeddable":true,"href":"https:\/\/sertv.gob.pa\/crisolfm\/wp-json\/wp\/v2\/comments?post=17259"}],"version-history":[{"count":1,"href":"https:\/\/sertv.gob.pa\/crisolfm\/wp-json\/wp\/v2\/posts\/17259\/revisions"}],"predecessor-version":[{"id":17263,"href":"https:\/\/sertv.gob.pa\/crisolfm\/wp-json\/wp\/v2\/posts\/17259\/revisions\/17263"}],"wp:featuredmedia":[{"embeddable":true,"href":"https:\/\/sertv.gob.pa\/crisolfm\/wp-json\/wp\/v2\/media\/17262"}],"wp:attachment":[{"href":"https:\/\/sertv.gob.pa\/crisolfm\/wp-json\/wp\/v2\/media?parent=17259"}],"wp:term":[{"taxonomy":"category","embeddable":true,"href":"https:\/\/sertv.gob.pa\/crisolfm\/wp-json\/wp\/v2\/categories?post=17259"},{"taxonomy":"post_tag","embeddable":true,"href":"https:\/\/sertv.gob.pa\/crisolfm\/wp-json\/wp\/v2\/tags?post=17259"}],"curies":[{"name":"wp","href":"https:\/\/api.w.org\/{rel}","templated":true}]}}