{"id":17264,"date":"2019-02-15T13:55:24","date_gmt":"2019-02-15T13:55:24","guid":{"rendered":"https:\/\/sertv.gob.pa\/crisolfm\/?p=17264"},"modified":"2019-02-15T13:55:24","modified_gmt":"2019-02-15T13:55:24","slug":"scorsese-y-tarantino-critican-que-los-oscar-entreguen-premios-en-los-anuncios","status":"publish","type":"post","link":"https:\/\/sertv.gob.pa\/crisolfm\/scorsese-y-tarantino-critican-que-los-oscar-entreguen-premios-en-los-anuncios\/","title":{"rendered":"Scorsese y Tarantino critican que los \u00d3scar entreguen premios en los anuncios"},"content":{"rendered":"<p>Decenas de figuras del cine, como Martin Scorsese o Quentin Tarantino, enviaron una carta a la Academia de Hollywood para mostrar su rechazo a que en los \u00d3scar se entreguen algunos premios durante las pausas publicitarias de la gala televisada, inform\u00f3 Variety. \u00abRelegar estas artes esenciales del cine a un estatus menor en la 91 edici\u00f3n de los \u00d3scar no es nada menos que un insulto a aquellos de nosotros que hemos dedicado nuestras vidas y pasiones a nuestra profesi\u00f3n\u00bb, aseguraron los firmantes de la carta.<\/p>\n<p>Adem\u00e1s de Scorsese y Tarantino, el escrito cuenta, entre otros, con la aprobaci\u00f3n de los cineastas Damien Chazelle, Spike Lee, Cary Joji Fukunaga y Ang Lee, as\u00ed como de los directores de fotograf\u00eda Roger Deakins, Emmanuel Lubezki y Reed Morano. La instituci\u00f3n que organiza cada a\u00f1o los \u00d3scar se\u00f1al\u00f3 que las estatuillas de fotograf\u00eda, montaje, cortometraje de ficci\u00f3n, y maquillaje y peluquer\u00eda se anunciar\u00e1n durante los anuncios para que la retransmisi\u00f3n de la ceremonia no dure m\u00e1s de tres horas.<\/p>\n<p>El Espectador<\/p>\n","protected":false},"excerpt":{"rendered":"<p>Decenas de figuras del cine, como Martin Scorsese o Quentin <a href=\"https:\/\/sertv.gob.pa\/crisolfm\/scorsese-y-tarantino-critican-que-los-oscar-entreguen-premios-en-los-anuncios\/\"> [&#8230;]<\/a><\/p>\n","protected":false},"author":64,"featured_media":17266,"comment_status":"closed","ping_status":"closed","sticky":false,"template":"","format":"standard","meta":{"footnotes":""},"categories":[6],"tags":[],"class_list":["post-17264","post","type-post","status-publish","format-standard","has-post-thumbnail","hentry","category-culturales"],"_links":{"self":[{"href":"https:\/\/sertv.gob.pa\/crisolfm\/wp-json\/wp\/v2\/posts\/17264","targetHints":{"allow":["GET"]}}],"collection":[{"href":"https:\/\/sertv.gob.pa\/crisolfm\/wp-json\/wp\/v2\/posts"}],"about":[{"href":"https:\/\/sertv.gob.pa\/crisolfm\/wp-json\/wp\/v2\/types\/post"}],"author":[{"embeddable":true,"href":"https:\/\/sertv.gob.pa\/crisolfm\/wp-json\/wp\/v2\/users\/64"}],"replies":[{"embeddable":true,"href":"https:\/\/sertv.gob.pa\/crisolfm\/wp-json\/wp\/v2\/comments?post=17264"}],"version-history":[{"count":1,"href":"https:\/\/sertv.gob.pa\/crisolfm\/wp-json\/wp\/v2\/posts\/17264\/revisions"}],"predecessor-version":[{"id":17267,"href":"https:\/\/sertv.gob.pa\/crisolfm\/wp-json\/wp\/v2\/posts\/17264\/revisions\/17267"}],"wp:featuredmedia":[{"embeddable":true,"href":"https:\/\/sertv.gob.pa\/crisolfm\/wp-json\/wp\/v2\/media\/17266"}],"wp:attachment":[{"href":"https:\/\/sertv.gob.pa\/crisolfm\/wp-json\/wp\/v2\/media?parent=17264"}],"wp:term":[{"taxonomy":"category","embeddable":true,"href":"https:\/\/sertv.gob.pa\/crisolfm\/wp-json\/wp\/v2\/categories?post=17264"},{"taxonomy":"post_tag","embeddable":true,"href":"https:\/\/sertv.gob.pa\/crisolfm\/wp-json\/wp\/v2\/tags?post=17264"}],"curies":[{"name":"wp","href":"https:\/\/api.w.org\/{rel}","templated":true}]}}