{"id":17301,"date":"2019-02-18T13:20:32","date_gmt":"2019-02-18T13:20:32","guid":{"rendered":"https:\/\/sertv.gob.pa\/crisolfm\/?p=17301"},"modified":"2019-02-18T13:20:32","modified_gmt":"2019-02-18T13:20:32","slug":"documental-zachrisson-en-el-museo-de-arte-contemporaneo-mac","status":"publish","type":"post","link":"https:\/\/sertv.gob.pa\/crisolfm\/documental-zachrisson-en-el-museo-de-arte-contemporaneo-mac\/","title":{"rendered":"Documental \u201cZachrisson\u201d en el Museo de Arte Contempor\u00e1neo (MAC)"},"content":{"rendered":"<p>El Museo de Arte Contempor\u00e1neo (MAC) efectuar\u00e1 otra noche de cine inspirada en el arte, en esta ocasi\u00f3n se estar\u00e1 realizando la proyecci\u00f3n del documental \u2018Zachrisson&#8217; del director Abner Benain, sobre la obra del maestro Julio Zachrisson, uno de los artistas de grabado m\u00e1s importantes en Panam\u00e1 y cuya obra forma parte de la colecci\u00f3n del MAC, y se halla actualmente en exhibici\u00f3n en la muestra \u2018Secretos de Nuestra Colecci\u00f3n: Papel Protagonista&#8217; hasta el 17 de marzo. La entrada es gratuita y la proyecci\u00f3n ser\u00e1 el jueves 28 de febrero, a las 7:00 p.m.<\/p>\n<p>Julio Zachrisson, pintor paname\u00f1o de 85 a\u00f1os, comparte una casa en Madrid junto a su compa\u00f1era de toda la vida. Tras quedar ciego, su carrera ha llegado a su fin. El encuentro entre el pintor y el crew cinematogr\u00e1fico ir\u00e1 revelando matices del d\u00eda a d\u00eda de un artista que logra sobreponerse y vivir el presente de manera plena, mientras recuerda memorias de un pasado muy rico. Un retrato \u00edntimo, a la vez reflexi\u00f3n y testimonio, sobre un hombre luminoso. Un ensayo sobre la vejez, la vida en pareja y el amor a lo largo del tiempo.<\/p>\n<p>&nbsp;<\/p>\n","protected":false},"excerpt":{"rendered":"<p>El Museo de Arte Contempor\u00e1neo (MAC) efectuar\u00e1 otra noche de <a href=\"https:\/\/sertv.gob.pa\/crisolfm\/documental-zachrisson-en-el-museo-de-arte-contemporaneo-mac\/\"> [&#8230;]<\/a><\/p>\n","protected":false},"author":64,"featured_media":17303,"comment_status":"closed","ping_status":"closed","sticky":false,"template":"","format":"standard","meta":{"footnotes":""},"categories":[6],"tags":[],"class_list":["post-17301","post","type-post","status-publish","format-standard","has-post-thumbnail","hentry","category-culturales"],"_links":{"self":[{"href":"https:\/\/sertv.gob.pa\/crisolfm\/wp-json\/wp\/v2\/posts\/17301","targetHints":{"allow":["GET"]}}],"collection":[{"href":"https:\/\/sertv.gob.pa\/crisolfm\/wp-json\/wp\/v2\/posts"}],"about":[{"href":"https:\/\/sertv.gob.pa\/crisolfm\/wp-json\/wp\/v2\/types\/post"}],"author":[{"embeddable":true,"href":"https:\/\/sertv.gob.pa\/crisolfm\/wp-json\/wp\/v2\/users\/64"}],"replies":[{"embeddable":true,"href":"https:\/\/sertv.gob.pa\/crisolfm\/wp-json\/wp\/v2\/comments?post=17301"}],"version-history":[{"count":1,"href":"https:\/\/sertv.gob.pa\/crisolfm\/wp-json\/wp\/v2\/posts\/17301\/revisions"}],"predecessor-version":[{"id":17304,"href":"https:\/\/sertv.gob.pa\/crisolfm\/wp-json\/wp\/v2\/posts\/17301\/revisions\/17304"}],"wp:featuredmedia":[{"embeddable":true,"href":"https:\/\/sertv.gob.pa\/crisolfm\/wp-json\/wp\/v2\/media\/17303"}],"wp:attachment":[{"href":"https:\/\/sertv.gob.pa\/crisolfm\/wp-json\/wp\/v2\/media?parent=17301"}],"wp:term":[{"taxonomy":"category","embeddable":true,"href":"https:\/\/sertv.gob.pa\/crisolfm\/wp-json\/wp\/v2\/categories?post=17301"},{"taxonomy":"post_tag","embeddable":true,"href":"https:\/\/sertv.gob.pa\/crisolfm\/wp-json\/wp\/v2\/tags?post=17301"}],"curies":[{"name":"wp","href":"https:\/\/api.w.org\/{rel}","templated":true}]}}