{"id":17305,"date":"2019-02-18T13:27:31","date_gmt":"2019-02-18T13:27:31","guid":{"rendered":"https:\/\/sertv.gob.pa\/crisolfm\/?p=17305"},"modified":"2019-02-18T13:27:31","modified_gmt":"2019-02-18T13:27:31","slug":"synonymes-del-israeli-nadav-lapid-gana-el-oso-de-oro-de-la-berlinale","status":"publish","type":"post","link":"https:\/\/sertv.gob.pa\/crisolfm\/synonymes-del-israeli-nadav-lapid-gana-el-oso-de-oro-de-la-berlinale\/","title":{"rendered":"\u00abSynonymes\u00bb, del israel\u00ed Nadav Lapid, gana el Oso de Oro de la Berlinale"},"content":{"rendered":"<p>La pel\u00edcula \u00abSynonymes\u00bb, del israel\u00ed Nadav Lapid, sobre un expatriado en Par\u00eds que ha dejado Israel a causa de la situaci\u00f3n pol\u00edtica, se llev\u00f3 este s\u00e1bado el Oso de Oro de la Berlinale. Basada en la propia biograf\u00eda del cineasta, la cinta era una de las favoritas de la cr\u00edtica, al haber seducido por su tono original, su reflexi\u00f3n sobre la identidad y la interpretaci\u00f3n de su protagonista, Tom Mercier.<\/p>\n<p>\u00abEsta pel\u00edcula podr\u00eda ser definida en Israel como un esc\u00e1ndalo. Pero tambi\u00e9n en Francia algunas personas podr\u00edan escandalizarse. Pero para m\u00ed este filme tambi\u00e9n es una gran celebraci\u00f3n\u00bb, dijo emocionado Lapid al recibir el galard\u00f3n en la ceremonia celebrada en Berl\u00edn.<\/p>\n<p>AFP<\/p>\n","protected":false},"excerpt":{"rendered":"<p>La pel\u00edcula \u00abSynonymes\u00bb, del israel\u00ed Nadav Lapid, sobre un expatriado <a href=\"https:\/\/sertv.gob.pa\/crisolfm\/synonymes-del-israeli-nadav-lapid-gana-el-oso-de-oro-de-la-berlinale\/\"> [&#8230;]<\/a><\/p>\n","protected":false},"author":64,"featured_media":17307,"comment_status":"closed","ping_status":"closed","sticky":false,"template":"","format":"standard","meta":{"footnotes":""},"categories":[6],"tags":[],"class_list":["post-17305","post","type-post","status-publish","format-standard","has-post-thumbnail","hentry","category-culturales"],"_links":{"self":[{"href":"https:\/\/sertv.gob.pa\/crisolfm\/wp-json\/wp\/v2\/posts\/17305","targetHints":{"allow":["GET"]}}],"collection":[{"href":"https:\/\/sertv.gob.pa\/crisolfm\/wp-json\/wp\/v2\/posts"}],"about":[{"href":"https:\/\/sertv.gob.pa\/crisolfm\/wp-json\/wp\/v2\/types\/post"}],"author":[{"embeddable":true,"href":"https:\/\/sertv.gob.pa\/crisolfm\/wp-json\/wp\/v2\/users\/64"}],"replies":[{"embeddable":true,"href":"https:\/\/sertv.gob.pa\/crisolfm\/wp-json\/wp\/v2\/comments?post=17305"}],"version-history":[{"count":1,"href":"https:\/\/sertv.gob.pa\/crisolfm\/wp-json\/wp\/v2\/posts\/17305\/revisions"}],"predecessor-version":[{"id":17308,"href":"https:\/\/sertv.gob.pa\/crisolfm\/wp-json\/wp\/v2\/posts\/17305\/revisions\/17308"}],"wp:featuredmedia":[{"embeddable":true,"href":"https:\/\/sertv.gob.pa\/crisolfm\/wp-json\/wp\/v2\/media\/17307"}],"wp:attachment":[{"href":"https:\/\/sertv.gob.pa\/crisolfm\/wp-json\/wp\/v2\/media?parent=17305"}],"wp:term":[{"taxonomy":"category","embeddable":true,"href":"https:\/\/sertv.gob.pa\/crisolfm\/wp-json\/wp\/v2\/categories?post=17305"},{"taxonomy":"post_tag","embeddable":true,"href":"https:\/\/sertv.gob.pa\/crisolfm\/wp-json\/wp\/v2\/tags?post=17305"}],"curies":[{"name":"wp","href":"https:\/\/api.w.org\/{rel}","templated":true}]}}