{"id":17347,"date":"2019-02-19T13:11:37","date_gmt":"2019-02-19T13:11:37","guid":{"rendered":"https:\/\/sertv.gob.pa\/crisolfm\/?p=17347"},"modified":"2019-02-19T13:11:37","modified_gmt":"2019-02-19T13:11:37","slug":"fallece-marinero-de-la-iconica-foto-del-beso-en-nueva-york","status":"publish","type":"post","link":"https:\/\/sertv.gob.pa\/crisolfm\/fallece-marinero-de-la-iconica-foto-del-beso-en-nueva-york\/","title":{"rendered":"Fallece marinero de la ic\u00f3nica foto del beso en Nueva York"},"content":{"rendered":"<p>El marinero que bes\u00f3 a una mujer en pleno Times Square mientras la gente celebraba el fin de la Segunda Guerra Mundial en las calles de Nueva York, protagonista de una ic\u00f3nica foto de la \u00e9poca, muri\u00f3 a los 95 a\u00f1os, inform\u00f3 su hija al Providence Journal. George Mendonsa sufri\u00f3 una apoplej\u00eda el domingo despu\u00e9s de caerse en el asilo en el que viv\u00eda en Middletown, Rhode Island, se\u00f1al\u00f3 su hija Sharon Molleur.<\/p>\n<p>En la famosa imagen, una de las cuatro que tom\u00f3 Alfred Eisenstaedt para la revista Life, se ve a Mendonsa inclinado sobre la mujer a la que est\u00e1 besando y que viste un uniforme blanco de enfermera. Mendonsa, que fue desplegado en el Pac\u00edfico durante la Segunda Guerra Mundial, estaba de vacaciones cuando la fotograf\u00eda fue tomada. Durante mucho tiempo asegur\u00f3 que era el marinero de la foto, pero esto no se confirm\u00f3 hasta hace poco con el uso de tecnolog\u00eda de reconocimiento facial. Greta Zimmer Friedman, la mujer de la imagen, muri\u00f3 en 2016 a los 92 a\u00f1os.<\/p>\n<p>AFP<\/p>\n","protected":false},"excerpt":{"rendered":"<p>El marinero que bes\u00f3 a una mujer en pleno Times <a href=\"https:\/\/sertv.gob.pa\/crisolfm\/fallece-marinero-de-la-iconica-foto-del-beso-en-nueva-york\/\"> [&#8230;]<\/a><\/p>\n","protected":false},"author":64,"featured_media":17349,"comment_status":"closed","ping_status":"closed","sticky":false,"template":"","format":"standard","meta":{"footnotes":""},"categories":[6],"tags":[],"class_list":["post-17347","post","type-post","status-publish","format-standard","has-post-thumbnail","hentry","category-culturales"],"_links":{"self":[{"href":"https:\/\/sertv.gob.pa\/crisolfm\/wp-json\/wp\/v2\/posts\/17347","targetHints":{"allow":["GET"]}}],"collection":[{"href":"https:\/\/sertv.gob.pa\/crisolfm\/wp-json\/wp\/v2\/posts"}],"about":[{"href":"https:\/\/sertv.gob.pa\/crisolfm\/wp-json\/wp\/v2\/types\/post"}],"author":[{"embeddable":true,"href":"https:\/\/sertv.gob.pa\/crisolfm\/wp-json\/wp\/v2\/users\/64"}],"replies":[{"embeddable":true,"href":"https:\/\/sertv.gob.pa\/crisolfm\/wp-json\/wp\/v2\/comments?post=17347"}],"version-history":[{"count":1,"href":"https:\/\/sertv.gob.pa\/crisolfm\/wp-json\/wp\/v2\/posts\/17347\/revisions"}],"predecessor-version":[{"id":17350,"href":"https:\/\/sertv.gob.pa\/crisolfm\/wp-json\/wp\/v2\/posts\/17347\/revisions\/17350"}],"wp:featuredmedia":[{"embeddable":true,"href":"https:\/\/sertv.gob.pa\/crisolfm\/wp-json\/wp\/v2\/media\/17349"}],"wp:attachment":[{"href":"https:\/\/sertv.gob.pa\/crisolfm\/wp-json\/wp\/v2\/media?parent=17347"}],"wp:term":[{"taxonomy":"category","embeddable":true,"href":"https:\/\/sertv.gob.pa\/crisolfm\/wp-json\/wp\/v2\/categories?post=17347"},{"taxonomy":"post_tag","embeddable":true,"href":"https:\/\/sertv.gob.pa\/crisolfm\/wp-json\/wp\/v2\/tags?post=17347"}],"curies":[{"name":"wp","href":"https:\/\/api.w.org\/{rel}","templated":true}]}}