{"id":17351,"date":"2019-02-19T13:18:05","date_gmt":"2019-02-19T13:18:05","guid":{"rendered":"https:\/\/sertv.gob.pa\/crisolfm\/?p=17351"},"modified":"2019-02-19T13:18:05","modified_gmt":"2019-02-19T13:18:05","slug":"el-disenador-karl-lagerfeld-fallece-a-los-85-anos","status":"publish","type":"post","link":"https:\/\/sertv.gob.pa\/crisolfm\/el-disenador-karl-lagerfeld-fallece-a-los-85-anos\/","title":{"rendered":"El dise\u00f1ador Karl Lagerfeld fallece a los 85 a\u00f1os"},"content":{"rendered":"<p>El legendario Karl Lagerfeld, director creativo de la casa Chanel desde el a\u00f1o 1982, ha muerto este martes en Par\u00eds a los 85 a\u00f1os de edad tras ser hospitalizado un d\u00eda antes por causas que a\u00fan no han trascendido p\u00fablicamente. Seg\u00fan medios franceses como Paris Match y el portal especializado WWD, que se habr\u00eda puesto en contacto con fuentes cercanas al dise\u00f1ador, \u00e9ste no habr\u00eda podido superar el \u00faltimo bache de salud que atravesaba desde hac\u00eda unas semanas.<\/p>\n<p>El carism\u00e1tico modisto alem\u00e1n, quien llevaba m\u00e1s de 30 a\u00f1os al frente de la m\u00edtica firma francesa, aunque tambi\u00e9n trabajaba para Fendi y para su propia marca hom\u00f3nima, recibi\u00f3 a\u00f1os atr\u00e1s el apodo de &#8216;k\u00e1iser&#8217; por su car\u00e1cter visionario y rompedor, as\u00ed como por los m\u00e9ritos que se desprenden de haber devuelto a la vida a una firma como Chanel que, en los a\u00f1os ochenta, se consideraba algo obsoleta.<\/p>\n<p>&nbsp;<\/p>\n","protected":false},"excerpt":{"rendered":"<p>El legendario Karl Lagerfeld, director creativo de la casa Chanel <a href=\"https:\/\/sertv.gob.pa\/crisolfm\/el-disenador-karl-lagerfeld-fallece-a-los-85-anos\/\"> [&#8230;]<\/a><\/p>\n","protected":false},"author":64,"featured_media":17353,"comment_status":"closed","ping_status":"closed","sticky":false,"template":"","format":"standard","meta":{"footnotes":""},"categories":[6],"tags":[],"class_list":["post-17351","post","type-post","status-publish","format-standard","has-post-thumbnail","hentry","category-culturales"],"_links":{"self":[{"href":"https:\/\/sertv.gob.pa\/crisolfm\/wp-json\/wp\/v2\/posts\/17351","targetHints":{"allow":["GET"]}}],"collection":[{"href":"https:\/\/sertv.gob.pa\/crisolfm\/wp-json\/wp\/v2\/posts"}],"about":[{"href":"https:\/\/sertv.gob.pa\/crisolfm\/wp-json\/wp\/v2\/types\/post"}],"author":[{"embeddable":true,"href":"https:\/\/sertv.gob.pa\/crisolfm\/wp-json\/wp\/v2\/users\/64"}],"replies":[{"embeddable":true,"href":"https:\/\/sertv.gob.pa\/crisolfm\/wp-json\/wp\/v2\/comments?post=17351"}],"version-history":[{"count":1,"href":"https:\/\/sertv.gob.pa\/crisolfm\/wp-json\/wp\/v2\/posts\/17351\/revisions"}],"predecessor-version":[{"id":17354,"href":"https:\/\/sertv.gob.pa\/crisolfm\/wp-json\/wp\/v2\/posts\/17351\/revisions\/17354"}],"wp:featuredmedia":[{"embeddable":true,"href":"https:\/\/sertv.gob.pa\/crisolfm\/wp-json\/wp\/v2\/media\/17353"}],"wp:attachment":[{"href":"https:\/\/sertv.gob.pa\/crisolfm\/wp-json\/wp\/v2\/media?parent=17351"}],"wp:term":[{"taxonomy":"category","embeddable":true,"href":"https:\/\/sertv.gob.pa\/crisolfm\/wp-json\/wp\/v2\/categories?post=17351"},{"taxonomy":"post_tag","embeddable":true,"href":"https:\/\/sertv.gob.pa\/crisolfm\/wp-json\/wp\/v2\/tags?post=17351"}],"curies":[{"name":"wp","href":"https:\/\/api.w.org\/{rel}","templated":true}]}}