{"id":17355,"date":"2019-02-19T13:26:26","date_gmt":"2019-02-19T13:26:26","guid":{"rendered":"https:\/\/sertv.gob.pa\/crisolfm\/?p=17355"},"modified":"2019-02-19T13:26:26","modified_gmt":"2019-02-19T13:26:26","slug":"en-cuba-inicia-el-mayor-festival-del-habano","status":"publish","type":"post","link":"https:\/\/sertv.gob.pa\/crisolfm\/en-cuba-inicia-el-mayor-festival-del-habano\/","title":{"rendered":"En Cuba inicia el mayor Festival del Habano"},"content":{"rendered":"<p>El Festival del Habano comenz\u00f3 este lunes su XXI y mayor edici\u00f3n hasta la fecha en la capital de Cuba, donde tendr\u00e1n lugar actividades vinculadas al mundo del puro desde su cultivo hasta la elaboraci\u00f3n, con la asistencia prevista de m\u00e1s de 2.000 participantes de unos 70 pa\u00edses. La inauguraci\u00f3n de la Feria Comercial del habano dio inicio al evento, que en su versi\u00f3n de este a\u00f1o \u00abse presenta muy atractivo, ya que celebramos varios aniversarios\u00bb, indic\u00f3 a Efe el copresidente de Habanos S.A., Luis S\u00e1nchez-Harguindey.<\/p>\n<p>El a\u00f1o 2019 tiene como signo distintivo para Habanos, por una parte, el quinto centenario de la fundaci\u00f3n de la ciudad de La Habana, y por otra el 50 aniversario de los puros habanos Trinidad, una de las 27 marcas emblem\u00e1ticas que la compa\u00f1\u00eda comercializa en el mundo, todas elaboradas a mano. Entre ellas tambi\u00e9n destacan los prestigiosos puros Cohiba, Montecristo, Partag\u00e1s, Romeo y Julieta, Hoyo de Monterrey y los H. Upmann.<\/p>\n<p>EFE<\/p>\n","protected":false},"excerpt":{"rendered":"<p>El Festival del Habano comenz\u00f3 este lunes su XXI y <a href=\"https:\/\/sertv.gob.pa\/crisolfm\/en-cuba-inicia-el-mayor-festival-del-habano\/\"> [&#8230;]<\/a><\/p>\n","protected":false},"author":64,"featured_media":17357,"comment_status":"closed","ping_status":"closed","sticky":false,"template":"","format":"standard","meta":{"footnotes":""},"categories":[6],"tags":[],"class_list":["post-17355","post","type-post","status-publish","format-standard","has-post-thumbnail","hentry","category-culturales"],"_links":{"self":[{"href":"https:\/\/sertv.gob.pa\/crisolfm\/wp-json\/wp\/v2\/posts\/17355","targetHints":{"allow":["GET"]}}],"collection":[{"href":"https:\/\/sertv.gob.pa\/crisolfm\/wp-json\/wp\/v2\/posts"}],"about":[{"href":"https:\/\/sertv.gob.pa\/crisolfm\/wp-json\/wp\/v2\/types\/post"}],"author":[{"embeddable":true,"href":"https:\/\/sertv.gob.pa\/crisolfm\/wp-json\/wp\/v2\/users\/64"}],"replies":[{"embeddable":true,"href":"https:\/\/sertv.gob.pa\/crisolfm\/wp-json\/wp\/v2\/comments?post=17355"}],"version-history":[{"count":1,"href":"https:\/\/sertv.gob.pa\/crisolfm\/wp-json\/wp\/v2\/posts\/17355\/revisions"}],"predecessor-version":[{"id":17358,"href":"https:\/\/sertv.gob.pa\/crisolfm\/wp-json\/wp\/v2\/posts\/17355\/revisions\/17358"}],"wp:featuredmedia":[{"embeddable":true,"href":"https:\/\/sertv.gob.pa\/crisolfm\/wp-json\/wp\/v2\/media\/17357"}],"wp:attachment":[{"href":"https:\/\/sertv.gob.pa\/crisolfm\/wp-json\/wp\/v2\/media?parent=17355"}],"wp:term":[{"taxonomy":"category","embeddable":true,"href":"https:\/\/sertv.gob.pa\/crisolfm\/wp-json\/wp\/v2\/categories?post=17355"},{"taxonomy":"post_tag","embeddable":true,"href":"https:\/\/sertv.gob.pa\/crisolfm\/wp-json\/wp\/v2\/tags?post=17355"}],"curies":[{"name":"wp","href":"https:\/\/api.w.org\/{rel}","templated":true}]}}