{"id":17452,"date":"2019-02-21T13:01:09","date_gmt":"2019-02-21T13:01:09","guid":{"rendered":"https:\/\/sertv.gob.pa\/crisolfm\/?p=17452"},"modified":"2019-02-21T13:01:09","modified_gmt":"2019-02-21T13:01:09","slug":"panama-celebrara-el-mes-de-la-francofonia-en-la-alianza-francesa","status":"publish","type":"post","link":"https:\/\/sertv.gob.pa\/crisolfm\/panama-celebrara-el-mes-de-la-francofonia-en-la-alianza-francesa\/","title":{"rendered":"Panam\u00e1 celebrar\u00e1 el Mes de la Francofon\u00eda en la Alianza Francesa"},"content":{"rendered":"<p>En la Alianza Francesa se celebrar\u00e1 la Francofon\u00eda, fiesta de la lengua francesa, del 11 al 31 de marzo, con la mayor\u00eda de los eventos gratis.<\/p>\n<p>El pr\u00f3ximo 11 de marzo se proyectar\u00e1 la cinta mexicana \u00abDespu\u00e9s de Luc\u00eda\u00bb, de Michel Franco; el 12 de marzo se inaugurar\u00e1 la exposici\u00f3n \u201cSpirou for rights\u201d y ser\u00e1 el encuentro con el belga Joseph Ndwaniye; el 13 de marzo habr\u00e1 Consort-Musik y el 14 de marzo se presentar\u00e1 \u00abNoces\u00bb de Stephan Steker. En tanto, el 15 de marzo mostrar\u00e1n la producci\u00f3n cinematogr\u00e1fica \u00abDescalzos en el alba\u00bb, de Francis Leclerc; 18 estar\u00e1 la cinta \u00abInseparables\u00bb, de Marcos Carnevale y el 19 ver\u00e1n la danza del Festival Arte Esc\u00e9nicas Teatro en C\u00edrculo. La clausura ser\u00e1 el 29 de marzo con degustaci\u00f3n de bebidas y comidas de los pa\u00edses de la francofon\u00eda, 7:00 p.m.<\/p>\n<p>&nbsp;<\/p>\n","protected":false},"excerpt":{"rendered":"<p>En la Alianza Francesa se celebrar\u00e1 la Francofon\u00eda, fiesta de <a href=\"https:\/\/sertv.gob.pa\/crisolfm\/panama-celebrara-el-mes-de-la-francofonia-en-la-alianza-francesa\/\"> [&#8230;]<\/a><\/p>\n","protected":false},"author":64,"featured_media":17454,"comment_status":"closed","ping_status":"closed","sticky":false,"template":"","format":"standard","meta":{"footnotes":""},"categories":[6],"tags":[],"class_list":["post-17452","post","type-post","status-publish","format-standard","has-post-thumbnail","hentry","category-culturales"],"_links":{"self":[{"href":"https:\/\/sertv.gob.pa\/crisolfm\/wp-json\/wp\/v2\/posts\/17452","targetHints":{"allow":["GET"]}}],"collection":[{"href":"https:\/\/sertv.gob.pa\/crisolfm\/wp-json\/wp\/v2\/posts"}],"about":[{"href":"https:\/\/sertv.gob.pa\/crisolfm\/wp-json\/wp\/v2\/types\/post"}],"author":[{"embeddable":true,"href":"https:\/\/sertv.gob.pa\/crisolfm\/wp-json\/wp\/v2\/users\/64"}],"replies":[{"embeddable":true,"href":"https:\/\/sertv.gob.pa\/crisolfm\/wp-json\/wp\/v2\/comments?post=17452"}],"version-history":[{"count":1,"href":"https:\/\/sertv.gob.pa\/crisolfm\/wp-json\/wp\/v2\/posts\/17452\/revisions"}],"predecessor-version":[{"id":17455,"href":"https:\/\/sertv.gob.pa\/crisolfm\/wp-json\/wp\/v2\/posts\/17452\/revisions\/17455"}],"wp:featuredmedia":[{"embeddable":true,"href":"https:\/\/sertv.gob.pa\/crisolfm\/wp-json\/wp\/v2\/media\/17454"}],"wp:attachment":[{"href":"https:\/\/sertv.gob.pa\/crisolfm\/wp-json\/wp\/v2\/media?parent=17452"}],"wp:term":[{"taxonomy":"category","embeddable":true,"href":"https:\/\/sertv.gob.pa\/crisolfm\/wp-json\/wp\/v2\/categories?post=17452"},{"taxonomy":"post_tag","embeddable":true,"href":"https:\/\/sertv.gob.pa\/crisolfm\/wp-json\/wp\/v2\/tags?post=17452"}],"curies":[{"name":"wp","href":"https:\/\/api.w.org\/{rel}","templated":true}]}}