{"id":17477,"date":"2019-02-21T13:50:38","date_gmt":"2019-02-21T13:50:38","guid":{"rendered":"https:\/\/sertv.gob.pa\/crisolfm\/?p=17477"},"modified":"2019-02-21T13:50:38","modified_gmt":"2019-02-21T13:50:38","slug":"el-metropolitan-museum-devuelve-un-sarcofago-por-el-que-pago-4-millones","status":"publish","type":"post","link":"https:\/\/sertv.gob.pa\/crisolfm\/el-metropolitan-museum-devuelve-un-sarcofago-por-el-que-pago-4-millones\/","title":{"rendered":"El Metropolitan Museum devuelve un sarc\u00f3fago por el que pag\u00f3 4 millones"},"content":{"rendered":"<p>El Metropolitan Museum exhibi\u00f3 el pasado a\u00f1o una importante adquisici\u00f3n contextualizando la importante pieza que se sumaba a sus fondos, un sarc\u00f3fago egipcio dorado del primer siglo a. C. que debi\u00f3 pertenecer a Nedjemankh, un sacerdote del dios Heryshef, el de cabeza de carnero, en Herakleopolis. La muestra \u00abNedjemankh y su sarc\u00f3fago dorado\u00bb cerr\u00f3 esta misma semana porque el Met lleg\u00f3 a la conclusi\u00f3n de que deb\u00eda devolver la pieza a Egipto, despu\u00e9s de que varios investigadores determinasen que hab\u00eda sido robado y exportado indebidamente del pa\u00eds, seg\u00fan informa \u00abThe New York Times\u00bb.<\/p>\n<p>Los curadores del museo adujeron que hab\u00eda sido comprado por el Met a un marchante en Par\u00eds en 2017 y que les enga\u00f1aron a trav\u00e9s de una llamada que les llev\u00f3 a pensar que la extraordinaria pieza ten\u00eda un origen leg\u00edtimo y hab\u00eda sido exportada hace varias d\u00e9cadas. Pero la Fiscal\u00eda de Manhattan se present\u00f3 en el museo con pruebas que mostraban que, al contrario de lo que pensaban, el sarc\u00f3fago hab\u00eda sido expoliado en Egipto en 2011.<\/p>\n<p>ABC Cultura<\/p>\n","protected":false},"excerpt":{"rendered":"<p>El Metropolitan Museum exhibi\u00f3 el pasado a\u00f1o una importante adquisici\u00f3n <a href=\"https:\/\/sertv.gob.pa\/crisolfm\/el-metropolitan-museum-devuelve-un-sarcofago-por-el-que-pago-4-millones\/\"> [&#8230;]<\/a><\/p>\n","protected":false},"author":64,"featured_media":17479,"comment_status":"closed","ping_status":"closed","sticky":false,"template":"","format":"standard","meta":{"footnotes":""},"categories":[6],"tags":[],"class_list":["post-17477","post","type-post","status-publish","format-standard","has-post-thumbnail","hentry","category-culturales"],"_links":{"self":[{"href":"https:\/\/sertv.gob.pa\/crisolfm\/wp-json\/wp\/v2\/posts\/17477","targetHints":{"allow":["GET"]}}],"collection":[{"href":"https:\/\/sertv.gob.pa\/crisolfm\/wp-json\/wp\/v2\/posts"}],"about":[{"href":"https:\/\/sertv.gob.pa\/crisolfm\/wp-json\/wp\/v2\/types\/post"}],"author":[{"embeddable":true,"href":"https:\/\/sertv.gob.pa\/crisolfm\/wp-json\/wp\/v2\/users\/64"}],"replies":[{"embeddable":true,"href":"https:\/\/sertv.gob.pa\/crisolfm\/wp-json\/wp\/v2\/comments?post=17477"}],"version-history":[{"count":1,"href":"https:\/\/sertv.gob.pa\/crisolfm\/wp-json\/wp\/v2\/posts\/17477\/revisions"}],"predecessor-version":[{"id":17480,"href":"https:\/\/sertv.gob.pa\/crisolfm\/wp-json\/wp\/v2\/posts\/17477\/revisions\/17480"}],"wp:featuredmedia":[{"embeddable":true,"href":"https:\/\/sertv.gob.pa\/crisolfm\/wp-json\/wp\/v2\/media\/17479"}],"wp:attachment":[{"href":"https:\/\/sertv.gob.pa\/crisolfm\/wp-json\/wp\/v2\/media?parent=17477"}],"wp:term":[{"taxonomy":"category","embeddable":true,"href":"https:\/\/sertv.gob.pa\/crisolfm\/wp-json\/wp\/v2\/categories?post=17477"},{"taxonomy":"post_tag","embeddable":true,"href":"https:\/\/sertv.gob.pa\/crisolfm\/wp-json\/wp\/v2\/tags?post=17477"}],"curies":[{"name":"wp","href":"https:\/\/api.w.org\/{rel}","templated":true}]}}