{"id":17490,"date":"2019-02-22T12:47:07","date_gmt":"2019-02-22T12:47:07","guid":{"rendered":"https:\/\/sertv.gob.pa\/crisolfm\/?p=17490"},"modified":"2019-02-22T12:47:07","modified_gmt":"2019-02-22T12:47:07","slug":"roma-abre-el-dialogo-sobre-el-racismo","status":"publish","type":"post","link":"https:\/\/sertv.gob.pa\/crisolfm\/roma-abre-el-dialogo-sobre-el-racismo\/","title":{"rendered":"\u201cRoma\u201d abre el di\u00e1logo sobre el racismo"},"content":{"rendered":"<p>Alfonso Cuar\u00f3n, el director de la pel\u00edcula con diez nominaciones a los Premios \u00d3scar, Roma, no sabe decir cu\u00e1l es la raz\u00f3n del \u00e9xito de la cinta, pero s\u00ed sabe que ha abierto la conversaci\u00f3n sobre el racismo en M\u00e9xico, que se ha negado durante muchos a\u00f1os, dijo en una entrevista a Noticias ONU. Cuar\u00f3n ha visto que la pel\u00edcula ha tenido una respuesta emocional a lo largo de todo el mundo, ya que temas como \u2018clase social y bagaje \u00e9tnico son iguales en todo el mundo&#8217;, explic\u00f3 en el ejercicio period\u00edstico difundido por la ONU a medios.<\/p>\n<p>Adem\u00e1s, la historia de solidaridad entre mujeres tambi\u00e9n ha tenido un gran impacto, a pesar de que el mexicano asegura que tras el \u2018amor&#8217; entre la protagonista, Cleo, y la familia para la que trabaja, se esconden formas de abuso. Por otra parte, el filme se ha convertido en una plataforma para movimientos sociales de trabajadoras dom\u00e9sticas. Cuar\u00f3n considera \u2018muy importantes&#8217;. Aun as\u00ed, aclar\u00f3 que \u2018ser\u00eda presuntuoso decir que la pel\u00edcula contribuye, lo que s\u00ed es cierto es que est\u00e1 siendo utilizada como plataforma para asociaciones que est\u00e1n consiguiendo cosas, como un programa piloto para legislar su situaci\u00f3n laboral&#8217;. Otro elemento que destac\u00f3 el autor en referencia al impacto emocional fue la \u2018experiencia com\u00fan de la soledad&#8217;, ya que la pel\u00edcula habla de la existencia del ser humano como una experiencia de soledad que busca compa\u00f1\u00eda.<\/p>\n<p>&nbsp;<\/p>\n<p>EFE<\/p>\n<p>&nbsp;<\/p>\n","protected":false},"excerpt":{"rendered":"<p>Alfonso Cuar\u00f3n, el director de la pel\u00edcula con diez nominaciones <a href=\"https:\/\/sertv.gob.pa\/crisolfm\/roma-abre-el-dialogo-sobre-el-racismo\/\"> [&#8230;]<\/a><\/p>\n","protected":false},"author":64,"featured_media":17492,"comment_status":"closed","ping_status":"closed","sticky":false,"template":"","format":"standard","meta":{"footnotes":""},"categories":[6],"tags":[],"class_list":["post-17490","post","type-post","status-publish","format-standard","has-post-thumbnail","hentry","category-culturales"],"_links":{"self":[{"href":"https:\/\/sertv.gob.pa\/crisolfm\/wp-json\/wp\/v2\/posts\/17490","targetHints":{"allow":["GET"]}}],"collection":[{"href":"https:\/\/sertv.gob.pa\/crisolfm\/wp-json\/wp\/v2\/posts"}],"about":[{"href":"https:\/\/sertv.gob.pa\/crisolfm\/wp-json\/wp\/v2\/types\/post"}],"author":[{"embeddable":true,"href":"https:\/\/sertv.gob.pa\/crisolfm\/wp-json\/wp\/v2\/users\/64"}],"replies":[{"embeddable":true,"href":"https:\/\/sertv.gob.pa\/crisolfm\/wp-json\/wp\/v2\/comments?post=17490"}],"version-history":[{"count":1,"href":"https:\/\/sertv.gob.pa\/crisolfm\/wp-json\/wp\/v2\/posts\/17490\/revisions"}],"predecessor-version":[{"id":17493,"href":"https:\/\/sertv.gob.pa\/crisolfm\/wp-json\/wp\/v2\/posts\/17490\/revisions\/17493"}],"wp:featuredmedia":[{"embeddable":true,"href":"https:\/\/sertv.gob.pa\/crisolfm\/wp-json\/wp\/v2\/media\/17492"}],"wp:attachment":[{"href":"https:\/\/sertv.gob.pa\/crisolfm\/wp-json\/wp\/v2\/media?parent=17490"}],"wp:term":[{"taxonomy":"category","embeddable":true,"href":"https:\/\/sertv.gob.pa\/crisolfm\/wp-json\/wp\/v2\/categories?post=17490"},{"taxonomy":"post_tag","embeddable":true,"href":"https:\/\/sertv.gob.pa\/crisolfm\/wp-json\/wp\/v2\/tags?post=17490"}],"curies":[{"name":"wp","href":"https:\/\/api.w.org\/{rel}","templated":true}]}}