{"id":17510,"date":"2019-02-22T13:40:10","date_gmt":"2019-02-22T13:40:10","guid":{"rendered":"https:\/\/sertv.gob.pa\/crisolfm\/?p=17510"},"modified":"2019-02-22T13:40:10","modified_gmt":"2019-02-22T13:40:10","slug":"thyssen-de-malaga-acoge-muestra-inedita-del-museo-abc-sobre-la-mujer-a-principios-del-siglo-xx","status":"publish","type":"post","link":"https:\/\/sertv.gob.pa\/crisolfm\/thyssen-de-malaga-acoge-muestra-inedita-del-museo-abc-sobre-la-mujer-a-principios-del-siglo-xx\/","title":{"rendered":"Thyssen de M\u00e1laga acoge muestra in\u00e9dita del Museo ABC sobre la mujer a principios del siglo XX"},"content":{"rendered":"<p>El Museo Carmen Thyssen de M\u00e1laga acoge desde el jueves la exposici\u00f3n <strong>\u00abModernas y seductoras. Mujeres en la Colecci\u00f3n ABC\u00bb<\/strong>, que recoge 32 obras de la colecci\u00f3n del Museo ABC sobre el papel femenino en la sociedad de primeros del siglo XX. \u00abMomentos esenciales\u00bb, como ha reconocido el alcalde de M\u00e1laga, <strong>Francisco de la Torre<\/strong>, en la inauguraci\u00f3n. La exposici\u00f3n estar\u00e1 hasta el pr\u00f3ximo 26 de mayo, mostrando el \u00abfirme compromiso de ABC con la cultura\u00bb, como ha destacado la presidenta de la Fundaci\u00f3n Colecci\u00f3n ABC y del Museo ABC\u00a0<strong>Soledad Luca de Tena<\/strong>.<\/p>\n<p>Luca de Tena resalt\u00f3 los amplios fondos que tiene la casa, al apuntar durante la bienvenida que, a lo largo de 128 a\u00f1os de historia, se han archivado m\u00e1s de 150.000 referencias \u00abmilagrosamente\u00bb bien conservadas. \u00abNo han tenido muchos incidentes, porque desde el inicio <strong>Don Torcuato Luca de Tena <\/strong>pens\u00f3 en crear un archivo y eso se ha transmitido a lo largo del siglo XX\u00bb, ha destacado <strong>Inmaculada Corcho<\/strong>, directora del Museo ABC, quien se\u00f1al\u00f3 que el fondo de fotograf\u00edas llega a los 20 millones de originales.<\/p>\n<p>ABC Cultura<\/p>\n","protected":false},"excerpt":{"rendered":"<p>El Museo Carmen Thyssen de M\u00e1laga acoge desde el jueves <a href=\"https:\/\/sertv.gob.pa\/crisolfm\/thyssen-de-malaga-acoge-muestra-inedita-del-museo-abc-sobre-la-mujer-a-principios-del-siglo-xx\/\"> [&#8230;]<\/a><\/p>\n","protected":false},"author":64,"featured_media":17512,"comment_status":"closed","ping_status":"closed","sticky":false,"template":"","format":"standard","meta":{"footnotes":""},"categories":[6],"tags":[],"class_list":["post-17510","post","type-post","status-publish","format-standard","has-post-thumbnail","hentry","category-culturales"],"_links":{"self":[{"href":"https:\/\/sertv.gob.pa\/crisolfm\/wp-json\/wp\/v2\/posts\/17510","targetHints":{"allow":["GET"]}}],"collection":[{"href":"https:\/\/sertv.gob.pa\/crisolfm\/wp-json\/wp\/v2\/posts"}],"about":[{"href":"https:\/\/sertv.gob.pa\/crisolfm\/wp-json\/wp\/v2\/types\/post"}],"author":[{"embeddable":true,"href":"https:\/\/sertv.gob.pa\/crisolfm\/wp-json\/wp\/v2\/users\/64"}],"replies":[{"embeddable":true,"href":"https:\/\/sertv.gob.pa\/crisolfm\/wp-json\/wp\/v2\/comments?post=17510"}],"version-history":[{"count":1,"href":"https:\/\/sertv.gob.pa\/crisolfm\/wp-json\/wp\/v2\/posts\/17510\/revisions"}],"predecessor-version":[{"id":17513,"href":"https:\/\/sertv.gob.pa\/crisolfm\/wp-json\/wp\/v2\/posts\/17510\/revisions\/17513"}],"wp:featuredmedia":[{"embeddable":true,"href":"https:\/\/sertv.gob.pa\/crisolfm\/wp-json\/wp\/v2\/media\/17512"}],"wp:attachment":[{"href":"https:\/\/sertv.gob.pa\/crisolfm\/wp-json\/wp\/v2\/media?parent=17510"}],"wp:term":[{"taxonomy":"category","embeddable":true,"href":"https:\/\/sertv.gob.pa\/crisolfm\/wp-json\/wp\/v2\/categories?post=17510"},{"taxonomy":"post_tag","embeddable":true,"href":"https:\/\/sertv.gob.pa\/crisolfm\/wp-json\/wp\/v2\/tags?post=17510"}],"curies":[{"name":"wp","href":"https:\/\/api.w.org\/{rel}","templated":true}]}}