{"id":17514,"date":"2019-02-22T13:54:23","date_gmt":"2019-02-22T13:54:23","guid":{"rendered":"https:\/\/sertv.gob.pa\/crisolfm\/?p=17514"},"modified":"2019-02-22T13:54:23","modified_gmt":"2019-02-22T13:54:23","slug":"soy-el-pintor-vivo-que-mas-ha-expuesto-en-el-mundo-hasta-los-ninos-chicos-reconocen-un-botero","status":"publish","type":"post","link":"https:\/\/sertv.gob.pa\/crisolfm\/soy-el-pintor-vivo-que-mas-ha-expuesto-en-el-mundo-hasta-los-ninos-chicos-reconocen-un-botero\/","title":{"rendered":"\u201cSoy el pintor vivo que m\u00e1s ha expuesto en el mundo. Hasta los ni\u00f1os chicos reconocen un botero\u201d"},"content":{"rendered":"<p>Fer<a href=\"https:\/\/elpais.com\/tag\/fernando_botero\/a\" target=\"_blank\" rel=\"noopener\">nando Botero<\/a>, nacido en Medell\u00edn en 1932, pint\u00f3 el color y los vol\u00famenes de la naturaleza de su pa\u00eds ub\u00e9rrimo desde que era un adolescente. Es, tambi\u00e9n, el artista incendiado que, sin dejar de lado los vol\u00famenes que han hecho tan singular su estilo, se llen\u00f3 de ira ante <a href=\"https:\/\/elpais.com\/diario\/2004\/05\/30\/internacional\/1085868003_850215.html\" target=\"_blank\" rel=\"noopener\">las torturas de Abu Ghraib<\/a> y tambi\u00e9n afront\u00f3 las heridas que dej\u00f3 en Colombia la guerra m\u00e1s larga y cruenta que ha sufrido su pa\u00eds y el continente americano. Anoche abri\u00f3 en su galer\u00eda, Marlborough, en Madrid, una exposici\u00f3n llena de color y alegr\u00eda. Es la primera que hace en la capital desde 1994. \u201cEl destino del arte, sobre el dolor o sobre la belleza, es procurar el placer est\u00e9tico\u201d, afirm\u00f3 ayer en una entrevista con EL PA\u00cdS.<\/p>\n<p>El pintor reparte su tiempo entre Italia y M\u00f3naco, donde mantiene estudios. Aunque su figura despierta el recelo de la potencia que econ\u00f3micamente le reporta su arte, conserva su humor antioque\u00f1o que le permite re\u00edrse tambi\u00e9n de las sombras de sus figuras y, a su manera, de los que, seg\u00fan le cuentan, le critican el gusto que el mercado tiene por sus cuadros y por sus esculturas. Es, lo dice \u00e9l mismo, \u201cel pintor m\u00e1s expuesto del mundo\u201d, y seg\u00fan las estad\u00edsticas, de los m\u00e1s cotizados. Ya tiene 86 a\u00f1os. Las obras que ahora expone, Pinturas recientes \u2014hasta el 3 de marzo\u2014, demuestran que sigue pintando (no esculpe tanto).<\/p>\n<p>El Pa\u00eds<\/p>\n","protected":false},"excerpt":{"rendered":"<p>Fernando Botero, nacido en Medell\u00edn en 1932, pint\u00f3 el color <a href=\"https:\/\/sertv.gob.pa\/crisolfm\/soy-el-pintor-vivo-que-mas-ha-expuesto-en-el-mundo-hasta-los-ninos-chicos-reconocen-un-botero\/\"> [&#8230;]<\/a><\/p>\n","protected":false},"author":64,"featured_media":17516,"comment_status":"closed","ping_status":"closed","sticky":false,"template":"","format":"standard","meta":{"footnotes":""},"categories":[6],"tags":[],"class_list":["post-17514","post","type-post","status-publish","format-standard","has-post-thumbnail","hentry","category-culturales"],"_links":{"self":[{"href":"https:\/\/sertv.gob.pa\/crisolfm\/wp-json\/wp\/v2\/posts\/17514","targetHints":{"allow":["GET"]}}],"collection":[{"href":"https:\/\/sertv.gob.pa\/crisolfm\/wp-json\/wp\/v2\/posts"}],"about":[{"href":"https:\/\/sertv.gob.pa\/crisolfm\/wp-json\/wp\/v2\/types\/post"}],"author":[{"embeddable":true,"href":"https:\/\/sertv.gob.pa\/crisolfm\/wp-json\/wp\/v2\/users\/64"}],"replies":[{"embeddable":true,"href":"https:\/\/sertv.gob.pa\/crisolfm\/wp-json\/wp\/v2\/comments?post=17514"}],"version-history":[{"count":1,"href":"https:\/\/sertv.gob.pa\/crisolfm\/wp-json\/wp\/v2\/posts\/17514\/revisions"}],"predecessor-version":[{"id":17517,"href":"https:\/\/sertv.gob.pa\/crisolfm\/wp-json\/wp\/v2\/posts\/17514\/revisions\/17517"}],"wp:featuredmedia":[{"embeddable":true,"href":"https:\/\/sertv.gob.pa\/crisolfm\/wp-json\/wp\/v2\/media\/17516"}],"wp:attachment":[{"href":"https:\/\/sertv.gob.pa\/crisolfm\/wp-json\/wp\/v2\/media?parent=17514"}],"wp:term":[{"taxonomy":"category","embeddable":true,"href":"https:\/\/sertv.gob.pa\/crisolfm\/wp-json\/wp\/v2\/categories?post=17514"},{"taxonomy":"post_tag","embeddable":true,"href":"https:\/\/sertv.gob.pa\/crisolfm\/wp-json\/wp\/v2\/tags?post=17514"}],"curies":[{"name":"wp","href":"https:\/\/api.w.org\/{rel}","templated":true}]}}