{"id":17549,"date":"2019-02-25T13:09:00","date_gmt":"2019-02-25T13:09:00","guid":{"rendered":"https:\/\/sertv.gob.pa\/crisolfm\/?p=17549"},"modified":"2019-02-25T13:09:00","modified_gmt":"2019-02-25T13:09:00","slug":"fallece-escritor-y-periodista-guillermo-sanchez-borbon","status":"publish","type":"post","link":"https:\/\/sertv.gob.pa\/crisolfm\/fallece-escritor-y-periodista-guillermo-sanchez-borbon\/","title":{"rendered":"Fallece escritor y periodista Guillermo S\u00e1nchez Borb\u00f3n"},"content":{"rendered":"<p>El escritor y periodista paname\u00f1o, Guillermo S\u00e1nchez Borb\u00f3n, muri\u00f3 a los 94 a\u00f1os de edad. Bocatore\u00f1o de nacimiento, tuvo una vida muy fruct\u00edfera. Fue un hombre de letras valiente y capaz, pero divertido y buen compa\u00f1ero, seg\u00fan lo han definido quienes tuvieron el privilegio de laborar junto a \u00e9l. Fue un luchador incansable por la libertad de expresi\u00f3n en los oscuros tiempos de la dictadura militar en Panam\u00e1 (1968 &#8211; 1989). Hizo de la columna diaria que escrib\u00eda, En Pocas Palabras, su trinchera en una lucha frontal contra los abusos cometidos contra el pueblo paname\u00f1o por los militares y a quienes le serv\u00edan como brazo pol\u00edtico.<\/p>\n<p>Trist\u00e1n Solarte, seud\u00f3nimo literario escogido por \u00e9l fue uno de los m\u00e1s destacados escritores realistas paname\u00f1os. Entre sus t\u00edtulos destacan Voces y paisajes de vida y muerte (1949), El guitarrista (1951), El ahogado (1954), Evocaciones (1955), Confesiones de un magistrado (1968), Aproximaci\u00f3n po\u00e9tica a la muerte y otros poemas (1973), En pocas palabras (1989, 1990 y 1992), Tiempo de tiranos (fragmento traducido de la versi\u00f3n original en ingl\u00e9s, 1990), La serpiente de cristal (2000), Siluetas (2001), Vienen de lejos (2002), El camino recorrido (2002), La luz de esta memoria (2002) y Noriega y la decapitaci\u00f3n de Hugo Spadafora (2002).<\/p>\n<p>Obtuvo numerosos reconocimientos, entre ellos el Premio Internacional de Periodismo Mar\u00eda Moors Cabot en 1986; el Premio Ricardo Mir\u00f3 en las secciones de poes\u00eda y de novela en varias oportunidades; la condecoraci\u00f3n de la Orden al M\u00e9rito Intelectual de la Academia Paname\u00f1a de la Lengua en el 2001, y la condecoraci\u00f3n Rogelio Sin\u00e1n, por su reconocida trayectoria literaria, en 2004. Fue el \u00fanico autor paname\u00f1o que figura en el cat\u00e1logo Mil Libros, que selecciona los mil mejores libros de la literatura universal.<\/p>\n<p>&nbsp;<\/p>\n","protected":false},"excerpt":{"rendered":"<p>El escritor y periodista paname\u00f1o, Guillermo S\u00e1nchez Borb\u00f3n, muri\u00f3 a <a href=\"https:\/\/sertv.gob.pa\/crisolfm\/fallece-escritor-y-periodista-guillermo-sanchez-borbon\/\"> [&#8230;]<\/a><\/p>\n","protected":false},"author":64,"featured_media":17551,"comment_status":"closed","ping_status":"closed","sticky":false,"template":"","format":"standard","meta":{"footnotes":""},"categories":[6],"tags":[],"class_list":["post-17549","post","type-post","status-publish","format-standard","has-post-thumbnail","hentry","category-culturales"],"_links":{"self":[{"href":"https:\/\/sertv.gob.pa\/crisolfm\/wp-json\/wp\/v2\/posts\/17549","targetHints":{"allow":["GET"]}}],"collection":[{"href":"https:\/\/sertv.gob.pa\/crisolfm\/wp-json\/wp\/v2\/posts"}],"about":[{"href":"https:\/\/sertv.gob.pa\/crisolfm\/wp-json\/wp\/v2\/types\/post"}],"author":[{"embeddable":true,"href":"https:\/\/sertv.gob.pa\/crisolfm\/wp-json\/wp\/v2\/users\/64"}],"replies":[{"embeddable":true,"href":"https:\/\/sertv.gob.pa\/crisolfm\/wp-json\/wp\/v2\/comments?post=17549"}],"version-history":[{"count":1,"href":"https:\/\/sertv.gob.pa\/crisolfm\/wp-json\/wp\/v2\/posts\/17549\/revisions"}],"predecessor-version":[{"id":17552,"href":"https:\/\/sertv.gob.pa\/crisolfm\/wp-json\/wp\/v2\/posts\/17549\/revisions\/17552"}],"wp:featuredmedia":[{"embeddable":true,"href":"https:\/\/sertv.gob.pa\/crisolfm\/wp-json\/wp\/v2\/media\/17551"}],"wp:attachment":[{"href":"https:\/\/sertv.gob.pa\/crisolfm\/wp-json\/wp\/v2\/media?parent=17549"}],"wp:term":[{"taxonomy":"category","embeddable":true,"href":"https:\/\/sertv.gob.pa\/crisolfm\/wp-json\/wp\/v2\/categories?post=17549"},{"taxonomy":"post_tag","embeddable":true,"href":"https:\/\/sertv.gob.pa\/crisolfm\/wp-json\/wp\/v2\/tags?post=17549"}],"curies":[{"name":"wp","href":"https:\/\/api.w.org\/{rel}","templated":true}]}}