{"id":17595,"date":"2019-02-26T12:23:21","date_gmt":"2019-02-26T12:23:21","guid":{"rendered":"https:\/\/sertv.gob.pa\/crisolfm\/?p=17595"},"modified":"2019-02-26T12:23:21","modified_gmt":"2019-02-26T12:23:21","slug":"the-new-york-review-of-books-nombra-nuevos-editores-luego-de-su-polemico-articulo","status":"publish","type":"post","link":"https:\/\/sertv.gob.pa\/crisolfm\/the-new-york-review-of-books-nombra-nuevos-editores-luego-de-su-polemico-articulo\/","title":{"rendered":"The New York Review of Books nombra nuevos editores luego de su pol\u00e9mico art\u00edculo"},"content":{"rendered":"<p>The New York Review of Books nombr\u00f3 este lunes a dos nuevos editores para liderar la prestigiosa revista tras la salida el pasado mes de septiembre de Ian Buruma, despu\u00e9s de publicar y defender un pol\u00e9mico art\u00edculo sobre el movimiento #MeToo cuyo autor hab\u00eda sido acusado de abusos sexuales.<\/p>\n<p>Emily Greenhouse, de 32 a\u00f1os, y Gabriel Winslow-Yost, de 33, estar\u00e1n encargados de decidir el contenido de la publicaci\u00f3n, seg\u00fan anunci\u00f3 el medio en un comunicado divulgado en su p\u00e1gina web, donde la propietaria, Rea Hederman, subray\u00f3 el conocimiento de ambos pese a su juventud. \u00abConocen los valores de la instituci\u00f3n, y aportar\u00e1n una impresionante experiencia que han acumulado en sus a\u00f1os de carrera\u00bb, apunt\u00f3 Hederman en el texto, que habl\u00f3 asimismo de la \u00abfrescura\u00bb y \u00abenerg\u00eda\u00bb que aportar\u00e1 el t\u00e1ndem.<\/p>\n<p>EFE<\/p>\n","protected":false},"excerpt":{"rendered":"<p>The New York Review of Books nombr\u00f3 este lunes a <a href=\"https:\/\/sertv.gob.pa\/crisolfm\/the-new-york-review-of-books-nombra-nuevos-editores-luego-de-su-polemico-articulo\/\"> [&#8230;]<\/a><\/p>\n","protected":false},"author":64,"featured_media":17597,"comment_status":"closed","ping_status":"closed","sticky":false,"template":"","format":"standard","meta":{"footnotes":""},"categories":[6],"tags":[],"class_list":["post-17595","post","type-post","status-publish","format-standard","has-post-thumbnail","hentry","category-culturales"],"_links":{"self":[{"href":"https:\/\/sertv.gob.pa\/crisolfm\/wp-json\/wp\/v2\/posts\/17595","targetHints":{"allow":["GET"]}}],"collection":[{"href":"https:\/\/sertv.gob.pa\/crisolfm\/wp-json\/wp\/v2\/posts"}],"about":[{"href":"https:\/\/sertv.gob.pa\/crisolfm\/wp-json\/wp\/v2\/types\/post"}],"author":[{"embeddable":true,"href":"https:\/\/sertv.gob.pa\/crisolfm\/wp-json\/wp\/v2\/users\/64"}],"replies":[{"embeddable":true,"href":"https:\/\/sertv.gob.pa\/crisolfm\/wp-json\/wp\/v2\/comments?post=17595"}],"version-history":[{"count":1,"href":"https:\/\/sertv.gob.pa\/crisolfm\/wp-json\/wp\/v2\/posts\/17595\/revisions"}],"predecessor-version":[{"id":17598,"href":"https:\/\/sertv.gob.pa\/crisolfm\/wp-json\/wp\/v2\/posts\/17595\/revisions\/17598"}],"wp:featuredmedia":[{"embeddable":true,"href":"https:\/\/sertv.gob.pa\/crisolfm\/wp-json\/wp\/v2\/media\/17597"}],"wp:attachment":[{"href":"https:\/\/sertv.gob.pa\/crisolfm\/wp-json\/wp\/v2\/media?parent=17595"}],"wp:term":[{"taxonomy":"category","embeddable":true,"href":"https:\/\/sertv.gob.pa\/crisolfm\/wp-json\/wp\/v2\/categories?post=17595"},{"taxonomy":"post_tag","embeddable":true,"href":"https:\/\/sertv.gob.pa\/crisolfm\/wp-json\/wp\/v2\/tags?post=17595"}],"curies":[{"name":"wp","href":"https:\/\/api.w.org\/{rel}","templated":true}]}}