{"id":17604,"date":"2019-02-26T12:55:30","date_gmt":"2019-02-26T12:55:30","guid":{"rendered":"https:\/\/sertv.gob.pa\/crisolfm\/?p=17604"},"modified":"2019-02-26T12:55:30","modified_gmt":"2019-02-26T12:55:30","slug":"la-abuela-quiere-boda-en-el-teatro-draquel","status":"publish","type":"post","link":"https:\/\/sertv.gob.pa\/crisolfm\/la-abuela-quiere-boda-en-el-teatro-draquel\/","title":{"rendered":"\u201cLa abuela quiere boda\u201d, en el Teatro D\u00b4Raquel"},"content":{"rendered":"<p>El Teatro D\u00b4Raquel inicia el a\u00f1o con la puesta en escena \u201cLa abuela quiere boda\u201d, que se presentar\u00e1 del 12 de marzo al 7 de abril de 2019.<\/p>\n<p>Do\u00f1a Aurora es una anciana millonaria que siente que est\u00e1 a punto de partir de este mundo y solo tiene a su nieto, Carlitos, que es toda su descendencia. El joven, a sus 23 a\u00f1os todav\u00eda no ha querido casarse, ya que es un chico extremadamente t\u00edmido. Por esa raz\u00f3n la abuela le da un ultim\u00e1tum, se casa o lo deshereda. Ante esta situaci\u00f3n, su amigo Freddy lo ayuda con un plan: convertir a Vanessa en una yey\u00e9.<\/p>\n<p>&nbsp;<\/p>\n<p>&nbsp;<\/p>\n","protected":false},"excerpt":{"rendered":"<p>El Teatro D\u00b4Raquel inicia el a\u00f1o con la puesta en <a href=\"https:\/\/sertv.gob.pa\/crisolfm\/la-abuela-quiere-boda-en-el-teatro-draquel\/\"> [&#8230;]<\/a><\/p>\n","protected":false},"author":64,"featured_media":17607,"comment_status":"closed","ping_status":"closed","sticky":false,"template":"","format":"standard","meta":{"footnotes":""},"categories":[6],"tags":[],"class_list":["post-17604","post","type-post","status-publish","format-standard","has-post-thumbnail","hentry","category-culturales"],"_links":{"self":[{"href":"https:\/\/sertv.gob.pa\/crisolfm\/wp-json\/wp\/v2\/posts\/17604","targetHints":{"allow":["GET"]}}],"collection":[{"href":"https:\/\/sertv.gob.pa\/crisolfm\/wp-json\/wp\/v2\/posts"}],"about":[{"href":"https:\/\/sertv.gob.pa\/crisolfm\/wp-json\/wp\/v2\/types\/post"}],"author":[{"embeddable":true,"href":"https:\/\/sertv.gob.pa\/crisolfm\/wp-json\/wp\/v2\/users\/64"}],"replies":[{"embeddable":true,"href":"https:\/\/sertv.gob.pa\/crisolfm\/wp-json\/wp\/v2\/comments?post=17604"}],"version-history":[{"count":1,"href":"https:\/\/sertv.gob.pa\/crisolfm\/wp-json\/wp\/v2\/posts\/17604\/revisions"}],"predecessor-version":[{"id":17608,"href":"https:\/\/sertv.gob.pa\/crisolfm\/wp-json\/wp\/v2\/posts\/17604\/revisions\/17608"}],"wp:featuredmedia":[{"embeddable":true,"href":"https:\/\/sertv.gob.pa\/crisolfm\/wp-json\/wp\/v2\/media\/17607"}],"wp:attachment":[{"href":"https:\/\/sertv.gob.pa\/crisolfm\/wp-json\/wp\/v2\/media?parent=17604"}],"wp:term":[{"taxonomy":"category","embeddable":true,"href":"https:\/\/sertv.gob.pa\/crisolfm\/wp-json\/wp\/v2\/categories?post=17604"},{"taxonomy":"post_tag","embeddable":true,"href":"https:\/\/sertv.gob.pa\/crisolfm\/wp-json\/wp\/v2\/tags?post=17604"}],"curies":[{"name":"wp","href":"https:\/\/api.w.org\/{rel}","templated":true}]}}