{"id":17609,"date":"2019-02-26T13:03:15","date_gmt":"2019-02-26T13:03:15","guid":{"rendered":"https:\/\/sertv.gob.pa\/crisolfm\/?p=17609"},"modified":"2019-02-26T13:03:15","modified_gmt":"2019-02-26T13:03:15","slug":"exhibicion-de-molas-de-los-anos-50-y-60","status":"publish","type":"post","link":"https:\/\/sertv.gob.pa\/crisolfm\/exhibicion-de-molas-de-los-anos-50-y-60\/","title":{"rendered":"Exhibici\u00f3n de molas de los a\u00f1os 50 y 60"},"content":{"rendered":"<p style=\"text-align: justify\">Una exhibici\u00f3n de 50 molas confeccionadas entre los a\u00f1os 50 y 60 se presenta en la sede del Ministerio de Relaciones Exteriores de Panam\u00e1. La muestra propiedad de Dr. Martin Dale Edwards, fue restituida al territorio paname\u00f1o con la gesti\u00f3n del Departamento de Diplomacia Cultural de la Canciller\u00eda. Al respecto, Feliciano Jim\u00e9nez, Viceministro de Asuntos Ind\u00edgenas califico de hist\u00f3rico la repatriaci\u00f3n de las piezas. \u201cLas mujeres son el guardi\u00e1n de nuestra cultura, son el baluarte que mantiene\u00a0las tradiciones como el idioma, el rito y la confecci\u00f3n de artesan\u00eda y esta es una muestra ejemplar de como esa muestra como estas obras que hoy regresan al pueblo Guna fueron confeccionadas por las mujeres hace m\u00e1s de 50 a\u00f1os\u201d, afirm\u00f3 Jim\u00e9nez.<\/p>\n<p style=\"text-align: justify\">Por su parte el presidente de la Naci\u00f3n Gunadule, Belisario L\u00f3pez afirm\u00f3 que \u201cla mola representa la imagen de todo un pa\u00eds; el trabajo de un Guna que cose d\u00eda y noche pensando en el futuro de sus nuevas generaciones y usando esta artesan\u00eda para educar a sus hijos y convertirlos en profesionales. La mola representa\u00a0la imagen que hace la diferencia entre las dem\u00e1s mujeres del\u00a0mundo\u201d. En su intervenci\u00f3n la Viceministra de Asuntos Multilaterales y Cooperaci\u00f3n Internacional, Mar\u00eda Luisa Navarro, explic\u00f3 que las piezas es una donaci\u00f3n a los 4 territorios Gunas.<\/p>\n<p>&nbsp;<\/p>\n","protected":false},"excerpt":{"rendered":"<p>Una exhibici\u00f3n de 50 molas confeccionadas entre los a\u00f1os 50 <a href=\"https:\/\/sertv.gob.pa\/crisolfm\/exhibicion-de-molas-de-los-anos-50-y-60\/\"> [&#8230;]<\/a><\/p>\n","protected":false},"author":64,"featured_media":17611,"comment_status":"closed","ping_status":"closed","sticky":false,"template":"","format":"standard","meta":{"footnotes":""},"categories":[6],"tags":[],"class_list":["post-17609","post","type-post","status-publish","format-standard","has-post-thumbnail","hentry","category-culturales"],"_links":{"self":[{"href":"https:\/\/sertv.gob.pa\/crisolfm\/wp-json\/wp\/v2\/posts\/17609","targetHints":{"allow":["GET"]}}],"collection":[{"href":"https:\/\/sertv.gob.pa\/crisolfm\/wp-json\/wp\/v2\/posts"}],"about":[{"href":"https:\/\/sertv.gob.pa\/crisolfm\/wp-json\/wp\/v2\/types\/post"}],"author":[{"embeddable":true,"href":"https:\/\/sertv.gob.pa\/crisolfm\/wp-json\/wp\/v2\/users\/64"}],"replies":[{"embeddable":true,"href":"https:\/\/sertv.gob.pa\/crisolfm\/wp-json\/wp\/v2\/comments?post=17609"}],"version-history":[{"count":1,"href":"https:\/\/sertv.gob.pa\/crisolfm\/wp-json\/wp\/v2\/posts\/17609\/revisions"}],"predecessor-version":[{"id":17612,"href":"https:\/\/sertv.gob.pa\/crisolfm\/wp-json\/wp\/v2\/posts\/17609\/revisions\/17612"}],"wp:featuredmedia":[{"embeddable":true,"href":"https:\/\/sertv.gob.pa\/crisolfm\/wp-json\/wp\/v2\/media\/17611"}],"wp:attachment":[{"href":"https:\/\/sertv.gob.pa\/crisolfm\/wp-json\/wp\/v2\/media?parent=17609"}],"wp:term":[{"taxonomy":"category","embeddable":true,"href":"https:\/\/sertv.gob.pa\/crisolfm\/wp-json\/wp\/v2\/categories?post=17609"},{"taxonomy":"post_tag","embeddable":true,"href":"https:\/\/sertv.gob.pa\/crisolfm\/wp-json\/wp\/v2\/tags?post=17609"}],"curies":[{"name":"wp","href":"https:\/\/api.w.org\/{rel}","templated":true}]}}