{"id":17656,"date":"2019-02-27T12:24:58","date_gmt":"2019-02-27T12:24:58","guid":{"rendered":"https:\/\/sertv.gob.pa\/crisolfm\/?p=17656"},"modified":"2019-02-27T12:24:58","modified_gmt":"2019-02-27T12:24:58","slug":"feria-afroantillana-2019-este-fin-de-semana","status":"publish","type":"post","link":"https:\/\/sertv.gob.pa\/crisolfm\/feria-afroantillana-2019-este-fin-de-semana\/","title":{"rendered":"Feria Afroantillana 2019 este fin de semana"},"content":{"rendered":"<p>La XXXVIII Feria Afroantillana se llevar\u00e1 a cabo el s\u00e1bado 2 y domingo 3 de marzo, desde las 12.00 medio d\u00eda hasta las 8:00 p.m., en el Centro de Convenciones Atlapa. Este a\u00f1o el tema de la celebraci\u00f3n es la fundaci\u00f3n de Panam\u00e1 la Vieja y la inclusi\u00f3n de la pollera conga como Patrimonio Cultural Inmaterial de la Humanidad por la Unesco. Anghely Quinn, reina de la feria, estar\u00e1 acompa\u00f1ada por sus 2 princesas, Ana Gabriel Comapraz y Lisarelis Rodr\u00edguez.<\/p>\n<p>En la feria habr\u00e1 ventas de artesan\u00edas, comidas afroantillanas, vestidos y presentaciones art\u00edsticas. Igualmente habr\u00e1 una secci\u00f3n infantil, y para las mujeres un puesto con especialistas que recomendar\u00e1n cuidados para el cabello rizado.<\/p>\n<p>&nbsp;<\/p>\n","protected":false},"excerpt":{"rendered":"<p>La XXXVIII Feria Afroantillana se llevar\u00e1 a cabo el s\u00e1bado <a href=\"https:\/\/sertv.gob.pa\/crisolfm\/feria-afroantillana-2019-este-fin-de-semana\/\"> [&#8230;]<\/a><\/p>\n","protected":false},"author":64,"featured_media":17658,"comment_status":"closed","ping_status":"closed","sticky":false,"template":"","format":"standard","meta":{"footnotes":""},"categories":[6],"tags":[],"class_list":["post-17656","post","type-post","status-publish","format-standard","has-post-thumbnail","hentry","category-culturales"],"_links":{"self":[{"href":"https:\/\/sertv.gob.pa\/crisolfm\/wp-json\/wp\/v2\/posts\/17656","targetHints":{"allow":["GET"]}}],"collection":[{"href":"https:\/\/sertv.gob.pa\/crisolfm\/wp-json\/wp\/v2\/posts"}],"about":[{"href":"https:\/\/sertv.gob.pa\/crisolfm\/wp-json\/wp\/v2\/types\/post"}],"author":[{"embeddable":true,"href":"https:\/\/sertv.gob.pa\/crisolfm\/wp-json\/wp\/v2\/users\/64"}],"replies":[{"embeddable":true,"href":"https:\/\/sertv.gob.pa\/crisolfm\/wp-json\/wp\/v2\/comments?post=17656"}],"version-history":[{"count":1,"href":"https:\/\/sertv.gob.pa\/crisolfm\/wp-json\/wp\/v2\/posts\/17656\/revisions"}],"predecessor-version":[{"id":17659,"href":"https:\/\/sertv.gob.pa\/crisolfm\/wp-json\/wp\/v2\/posts\/17656\/revisions\/17659"}],"wp:featuredmedia":[{"embeddable":true,"href":"https:\/\/sertv.gob.pa\/crisolfm\/wp-json\/wp\/v2\/media\/17658"}],"wp:attachment":[{"href":"https:\/\/sertv.gob.pa\/crisolfm\/wp-json\/wp\/v2\/media?parent=17656"}],"wp:term":[{"taxonomy":"category","embeddable":true,"href":"https:\/\/sertv.gob.pa\/crisolfm\/wp-json\/wp\/v2\/categories?post=17656"},{"taxonomy":"post_tag","embeddable":true,"href":"https:\/\/sertv.gob.pa\/crisolfm\/wp-json\/wp\/v2\/tags?post=17656"}],"curies":[{"name":"wp","href":"https:\/\/api.w.org\/{rel}","templated":true}]}}