{"id":17660,"date":"2019-02-27T12:32:34","date_gmt":"2019-02-27T12:32:34","guid":{"rendered":"https:\/\/sertv.gob.pa\/crisolfm\/?p=17660"},"modified":"2019-02-27T12:32:34","modified_gmt":"2019-02-27T12:32:34","slug":"rosa-montezuma-ya-se-encuentra-en-brasil-para-representar-al-pais-en-carnaval-de-rio","status":"publish","type":"post","link":"https:\/\/sertv.gob.pa\/crisolfm\/rosa-montezuma-ya-se-encuentra-en-brasil-para-representar-al-pais-en-carnaval-de-rio\/","title":{"rendered":"Rosa Montezuma ya se encuentra en Brasil para representar al pa\u00eds en Carnaval de R\u00edo"},"content":{"rendered":"<p>La se\u00f1orita Panam\u00e1 2018, Rosa Iveth Montezuma, ya se encuentra en R\u00edo de Janeiro, para su participaci\u00f3n en el\u00a0Carnaval de R\u00edo de Janeiro. Montezuma, lleva la cultura de Panam\u00e1 y ser\u00e1 una de las figuras principales de la escuela Est\u00e1cio de S\u00e1, muy reconocida por ser la primera escuela de samba de Brasil.<\/p>\n<p>Este a\u00f1o la escuela de samba,\u00a0Est\u00e1cio de S\u00e1, tendr\u00e1 como lema, \u00abLa fe que emerge de las aguas\u00bb, inspirada en la devoci\u00f3n al Cristo Negro de Portobelo\u00a0y es la primera vez en sus 91 a\u00f1os que representa un tema en homenaje a la cultura de un pa\u00eds. Contar\u00e1n con 4 carrozas y una delegaci\u00f3n de 3 mil personas. La primera carroza representar\u00e1 la fe y la fuerza de Panam\u00e1. La segunda, lo que significa Panam\u00e1: mariposas, peces y todo lo que es su naturaleza. La tercera describe la econom\u00eda del pa\u00eds, su Canal, su gente trabajadora y la riqueza que pasa por el istmo. Y la cuarta visualizar\u00e1 el sector cultural, arte, bailes, historias que el mundo no conoce.<\/p>\n<p>&nbsp;<\/p>\n","protected":false},"excerpt":{"rendered":"<p>La se\u00f1orita Panam\u00e1 2018, Rosa Iveth Montezuma, ya se encuentra <a href=\"https:\/\/sertv.gob.pa\/crisolfm\/rosa-montezuma-ya-se-encuentra-en-brasil-para-representar-al-pais-en-carnaval-de-rio\/\"> [&#8230;]<\/a><\/p>\n","protected":false},"author":64,"featured_media":17662,"comment_status":"closed","ping_status":"closed","sticky":false,"template":"","format":"standard","meta":{"footnotes":""},"categories":[6],"tags":[],"class_list":["post-17660","post","type-post","status-publish","format-standard","has-post-thumbnail","hentry","category-culturales"],"_links":{"self":[{"href":"https:\/\/sertv.gob.pa\/crisolfm\/wp-json\/wp\/v2\/posts\/17660","targetHints":{"allow":["GET"]}}],"collection":[{"href":"https:\/\/sertv.gob.pa\/crisolfm\/wp-json\/wp\/v2\/posts"}],"about":[{"href":"https:\/\/sertv.gob.pa\/crisolfm\/wp-json\/wp\/v2\/types\/post"}],"author":[{"embeddable":true,"href":"https:\/\/sertv.gob.pa\/crisolfm\/wp-json\/wp\/v2\/users\/64"}],"replies":[{"embeddable":true,"href":"https:\/\/sertv.gob.pa\/crisolfm\/wp-json\/wp\/v2\/comments?post=17660"}],"version-history":[{"count":1,"href":"https:\/\/sertv.gob.pa\/crisolfm\/wp-json\/wp\/v2\/posts\/17660\/revisions"}],"predecessor-version":[{"id":17663,"href":"https:\/\/sertv.gob.pa\/crisolfm\/wp-json\/wp\/v2\/posts\/17660\/revisions\/17663"}],"wp:featuredmedia":[{"embeddable":true,"href":"https:\/\/sertv.gob.pa\/crisolfm\/wp-json\/wp\/v2\/media\/17662"}],"wp:attachment":[{"href":"https:\/\/sertv.gob.pa\/crisolfm\/wp-json\/wp\/v2\/media?parent=17660"}],"wp:term":[{"taxonomy":"category","embeddable":true,"href":"https:\/\/sertv.gob.pa\/crisolfm\/wp-json\/wp\/v2\/categories?post=17660"},{"taxonomy":"post_tag","embeddable":true,"href":"https:\/\/sertv.gob.pa\/crisolfm\/wp-json\/wp\/v2\/tags?post=17660"}],"curies":[{"name":"wp","href":"https:\/\/api.w.org\/{rel}","templated":true}]}}