{"id":17664,"date":"2019-02-27T12:54:47","date_gmt":"2019-02-27T12:54:47","guid":{"rendered":"https:\/\/sertv.gob.pa\/crisolfm\/?p=17664"},"modified":"2019-02-27T12:54:47","modified_gmt":"2019-02-27T12:54:47","slug":"morgan-freeman-asistira-a-inauguracion-de-la-sala-de-cine-del-canal-de-panama","status":"publish","type":"post","link":"https:\/\/sertv.gob.pa\/crisolfm\/morgan-freeman-asistira-a-inauguracion-de-la-sala-de-cine-del-canal-de-panama\/","title":{"rendered":"Morgan Freeman asistir\u00e1 a inauguraci\u00f3n de la sala de cine del Canal de Panam\u00e1"},"content":{"rendered":"<p>El ganador del \u00d3scar y actor estadounidense, Morgan Freeman, se halla en Panam\u00e1 para participar de la inauguraci\u00f3n de la sala de cine Imax 3D en el Centro de Visitantes de Miraflores del Canal de Panam\u00e1.\u00a0El evento se desarrollar\u00e1 este mi\u00e9rcoles 27 de febrero, con la pel\u00edcula Panama Canal, A land divided &#8211; a world united.<\/p>\n<p>El actor en la tarde de ayer martes, 26 de febrero, asisti\u00f3 a una cena que fue organizada por la embajada de Estados Unidos.<\/p>\n<p>&nbsp;<\/p>\n","protected":false},"excerpt":{"rendered":"<p>El ganador del \u00d3scar y actor estadounidense, Morgan Freeman, se <a href=\"https:\/\/sertv.gob.pa\/crisolfm\/morgan-freeman-asistira-a-inauguracion-de-la-sala-de-cine-del-canal-de-panama\/\"> [&#8230;]<\/a><\/p>\n","protected":false},"author":64,"featured_media":17667,"comment_status":"closed","ping_status":"closed","sticky":false,"template":"","format":"standard","meta":{"footnotes":""},"categories":[6],"tags":[],"class_list":["post-17664","post","type-post","status-publish","format-standard","has-post-thumbnail","hentry","category-culturales"],"_links":{"self":[{"href":"https:\/\/sertv.gob.pa\/crisolfm\/wp-json\/wp\/v2\/posts\/17664","targetHints":{"allow":["GET"]}}],"collection":[{"href":"https:\/\/sertv.gob.pa\/crisolfm\/wp-json\/wp\/v2\/posts"}],"about":[{"href":"https:\/\/sertv.gob.pa\/crisolfm\/wp-json\/wp\/v2\/types\/post"}],"author":[{"embeddable":true,"href":"https:\/\/sertv.gob.pa\/crisolfm\/wp-json\/wp\/v2\/users\/64"}],"replies":[{"embeddable":true,"href":"https:\/\/sertv.gob.pa\/crisolfm\/wp-json\/wp\/v2\/comments?post=17664"}],"version-history":[{"count":1,"href":"https:\/\/sertv.gob.pa\/crisolfm\/wp-json\/wp\/v2\/posts\/17664\/revisions"}],"predecessor-version":[{"id":17668,"href":"https:\/\/sertv.gob.pa\/crisolfm\/wp-json\/wp\/v2\/posts\/17664\/revisions\/17668"}],"wp:featuredmedia":[{"embeddable":true,"href":"https:\/\/sertv.gob.pa\/crisolfm\/wp-json\/wp\/v2\/media\/17667"}],"wp:attachment":[{"href":"https:\/\/sertv.gob.pa\/crisolfm\/wp-json\/wp\/v2\/media?parent=17664"}],"wp:term":[{"taxonomy":"category","embeddable":true,"href":"https:\/\/sertv.gob.pa\/crisolfm\/wp-json\/wp\/v2\/categories?post=17664"},{"taxonomy":"post_tag","embeddable":true,"href":"https:\/\/sertv.gob.pa\/crisolfm\/wp-json\/wp\/v2\/tags?post=17664"}],"curies":[{"name":"wp","href":"https:\/\/api.w.org\/{rel}","templated":true}]}}