{"id":17669,"date":"2019-02-27T13:03:35","date_gmt":"2019-02-27T13:03:35","guid":{"rendered":"https:\/\/sertv.gob.pa\/crisolfm\/?p=17669"},"modified":"2019-02-27T13:03:35","modified_gmt":"2019-02-27T13:03:35","slug":"disenador-thierry-mugler-presenta-su-primera-exposicion-en-montreal","status":"publish","type":"post","link":"https:\/\/sertv.gob.pa\/crisolfm\/disenador-thierry-mugler-presenta-su-primera-exposicion-en-montreal\/","title":{"rendered":"Dise\u00f1ador Thierry Mugler presenta su primera exposici\u00f3n en Montreal"},"content":{"rendered":"<p>El dise\u00f1ador franc\u00e9s Thierry Mugler present\u00f3 el martes en el Museo de Bellas Artes de Montreal la primera exposici\u00f3n dedicada a sus creaciones, que incluye trajes, bocetos y archivos de su carrera de m\u00e1s de 35 a\u00f1os. Despu\u00e9s de negarse \u00abnumerosas veces\u00bb a exhibir sus obras a pesar de las ofertas de varios museos en el mundo, finalmente eligi\u00f3 la metr\u00f3polis de Quebec para su retrospectiva, que describi\u00f3 como una \u00abtragedia glamorosa\u00bb, durante una conferencia de prensa en la inauguraci\u00f3n de la exposici\u00f3n.<\/p>\n<p>\u00abThierry Mugler: Couturissime\u00bb re\u00fane docenas de objetos de la carrera del modisto: trajes, vestidos, pero tambi\u00e9n bocetos, fotograf\u00edas y videos desde 1977 hasta 2014. \u00abMugler, es una leyenda, es un \u00edcono, los calificativos son muchos porque su trabajo es bastante excepcional\u00bb, dijo Nathalie Bondil, directora del Museo de Bellas Artes de Montreal. La exposici\u00f3n, que fue inaugurada anticipadamente para la prensa, abrir\u00e1 sus puertas al p\u00fablico el 2 de marzo y continuar\u00e1 hasta el 8 de septiembre de 2019.<\/p>\n<p>&nbsp;<\/p>\n","protected":false},"excerpt":{"rendered":"<p>El dise\u00f1ador franc\u00e9s Thierry Mugler present\u00f3 el martes en el <a href=\"https:\/\/sertv.gob.pa\/crisolfm\/disenador-thierry-mugler-presenta-su-primera-exposicion-en-montreal\/\"> [&#8230;]<\/a><\/p>\n","protected":false},"author":64,"featured_media":17671,"comment_status":"closed","ping_status":"closed","sticky":false,"template":"","format":"standard","meta":{"footnotes":""},"categories":[6],"tags":[],"class_list":["post-17669","post","type-post","status-publish","format-standard","has-post-thumbnail","hentry","category-culturales"],"_links":{"self":[{"href":"https:\/\/sertv.gob.pa\/crisolfm\/wp-json\/wp\/v2\/posts\/17669","targetHints":{"allow":["GET"]}}],"collection":[{"href":"https:\/\/sertv.gob.pa\/crisolfm\/wp-json\/wp\/v2\/posts"}],"about":[{"href":"https:\/\/sertv.gob.pa\/crisolfm\/wp-json\/wp\/v2\/types\/post"}],"author":[{"embeddable":true,"href":"https:\/\/sertv.gob.pa\/crisolfm\/wp-json\/wp\/v2\/users\/64"}],"replies":[{"embeddable":true,"href":"https:\/\/sertv.gob.pa\/crisolfm\/wp-json\/wp\/v2\/comments?post=17669"}],"version-history":[{"count":1,"href":"https:\/\/sertv.gob.pa\/crisolfm\/wp-json\/wp\/v2\/posts\/17669\/revisions"}],"predecessor-version":[{"id":17672,"href":"https:\/\/sertv.gob.pa\/crisolfm\/wp-json\/wp\/v2\/posts\/17669\/revisions\/17672"}],"wp:featuredmedia":[{"embeddable":true,"href":"https:\/\/sertv.gob.pa\/crisolfm\/wp-json\/wp\/v2\/media\/17671"}],"wp:attachment":[{"href":"https:\/\/sertv.gob.pa\/crisolfm\/wp-json\/wp\/v2\/media?parent=17669"}],"wp:term":[{"taxonomy":"category","embeddable":true,"href":"https:\/\/sertv.gob.pa\/crisolfm\/wp-json\/wp\/v2\/categories?post=17669"},{"taxonomy":"post_tag","embeddable":true,"href":"https:\/\/sertv.gob.pa\/crisolfm\/wp-json\/wp\/v2\/tags?post=17669"}],"curies":[{"name":"wp","href":"https:\/\/api.w.org\/{rel}","templated":true}]}}