{"id":17703,"date":"2019-02-28T12:21:14","date_gmt":"2019-02-28T12:21:14","guid":{"rendered":"https:\/\/sertv.gob.pa\/crisolfm\/?p=17703"},"modified":"2019-02-28T12:21:14","modified_gmt":"2019-02-28T12:21:14","slug":"rossy-de-palma-participara-en-el-espectaculo-musical-de-gaultier-en-paris","status":"publish","type":"post","link":"https:\/\/sertv.gob.pa\/crisolfm\/rossy-de-palma-participara-en-el-espectaculo-musical-de-gaultier-en-paris\/","title":{"rendered":"Rossy de Palma participar\u00e1 en el espect\u00e1culo musical de Gaultier en Par\u00eds"},"content":{"rendered":"<p>La actriz espa\u00f1ola, Rossy de Palma, una de las hist\u00f3ricas musas de Jean Paul Gaultier, se unir\u00e1 a las representaciones del espect\u00e1culo autobiogr\u00e1fico que el dise\u00f1ador franc\u00e9s presenta en estos momentos en Par\u00eds. La int\u00e9rprete, de 54 a\u00f1os, participar\u00e1 en 12 representaciones, entre el 21 y el 31 de marzo en el teatro Folies Berg\u00e8re, anunciaron a la AFP los productores del espect\u00e1culo. \u00abRossy forma parte de mi familia. Su belleza tan particular y su vibrante personalidad hacen de ella una de las musas m\u00e1s inspiradoras\u00bb, dijo Gaultier.<\/p>\n<p>Actriz fetiche de Pedro Almod\u00f3var, con quien trabaj\u00f3 en \u00abMujeres al borde de un ataque de nervios\u00bb, \u00abKika\u00bb y m\u00e1s recientemente \u00abJulieta\u00bb, De Palma es adem\u00e1s una adepta a la moda y es habitual verla en los desfiles de la Semana de la Moda de Par\u00eds. Su cuenta Instagram, con 263.000 abonados, es tambi\u00e9n su particular pasarela. El espect\u00e1culo musical \u00abFashion Freak Show\u00bb es uno de los mayores \u00e9xitos de la temporada cultural en Par\u00eds. Expone el recorrido art\u00edstico y personal de Gaultier, durante medio siglo dedicado a la moda y a la cultura pop. Unos 200.000 espectadores asistieron hasta ahora al espect\u00e1culo, prolongado hasta el 16 de junio y que tendr\u00e1 una gira internacional.<\/p>\n<p>AFP<\/p>\n","protected":false},"excerpt":{"rendered":"<p>La actriz espa\u00f1ola, Rossy de Palma, una de las hist\u00f3ricas <a href=\"https:\/\/sertv.gob.pa\/crisolfm\/rossy-de-palma-participara-en-el-espectaculo-musical-de-gaultier-en-paris\/\"> [&#8230;]<\/a><\/p>\n","protected":false},"author":64,"featured_media":17705,"comment_status":"closed","ping_status":"closed","sticky":false,"template":"","format":"standard","meta":{"footnotes":""},"categories":[6],"tags":[],"class_list":["post-17703","post","type-post","status-publish","format-standard","has-post-thumbnail","hentry","category-culturales"],"_links":{"self":[{"href":"https:\/\/sertv.gob.pa\/crisolfm\/wp-json\/wp\/v2\/posts\/17703","targetHints":{"allow":["GET"]}}],"collection":[{"href":"https:\/\/sertv.gob.pa\/crisolfm\/wp-json\/wp\/v2\/posts"}],"about":[{"href":"https:\/\/sertv.gob.pa\/crisolfm\/wp-json\/wp\/v2\/types\/post"}],"author":[{"embeddable":true,"href":"https:\/\/sertv.gob.pa\/crisolfm\/wp-json\/wp\/v2\/users\/64"}],"replies":[{"embeddable":true,"href":"https:\/\/sertv.gob.pa\/crisolfm\/wp-json\/wp\/v2\/comments?post=17703"}],"version-history":[{"count":1,"href":"https:\/\/sertv.gob.pa\/crisolfm\/wp-json\/wp\/v2\/posts\/17703\/revisions"}],"predecessor-version":[{"id":17706,"href":"https:\/\/sertv.gob.pa\/crisolfm\/wp-json\/wp\/v2\/posts\/17703\/revisions\/17706"}],"wp:featuredmedia":[{"embeddable":true,"href":"https:\/\/sertv.gob.pa\/crisolfm\/wp-json\/wp\/v2\/media\/17705"}],"wp:attachment":[{"href":"https:\/\/sertv.gob.pa\/crisolfm\/wp-json\/wp\/v2\/media?parent=17703"}],"wp:term":[{"taxonomy":"category","embeddable":true,"href":"https:\/\/sertv.gob.pa\/crisolfm\/wp-json\/wp\/v2\/categories?post=17703"},{"taxonomy":"post_tag","embeddable":true,"href":"https:\/\/sertv.gob.pa\/crisolfm\/wp-json\/wp\/v2\/tags?post=17703"}],"curies":[{"name":"wp","href":"https:\/\/api.w.org\/{rel}","templated":true}]}}