{"id":17707,"date":"2019-02-28T12:26:11","date_gmt":"2019-02-28T12:26:11","guid":{"rendered":"https:\/\/sertv.gob.pa\/crisolfm\/?p=17707"},"modified":"2019-02-28T12:26:11","modified_gmt":"2019-02-28T12:26:11","slug":"en-feria-de-arte-de-madrid-hay-controversia-por-estatua-inflamable-del-rey-felipe","status":"publish","type":"post","link":"https:\/\/sertv.gob.pa\/crisolfm\/en-feria-de-arte-de-madrid-hay-controversia-por-estatua-inflamable-del-rey-felipe\/","title":{"rendered":"En feria de Arte de Madrid hay controversia por estatua inflamable del rey Felipe"},"content":{"rendered":"<p style=\"text-align: justify\">Doscientos mil euros por darse el \u00abplacer\u00bb de quemar una estatua del rey Felipe VI de Espa\u00f1a. Es lo que proponen en la feria de arte contempor\u00e1neo ARCO de Madrid dos artistas espa\u00f1oles acostumbrados a la pol\u00e9mica. La estatua, de 4,44 metros de alto, reproduce al monarca en posici\u00f3n firme y mirando al frente, con traje azul, corbata verde (el color fue elegido porque cada letra representa la primera de cada palabra de la frase &#8216;viva el rey de Espa\u00f1a&#8217;) y camisa blanca. La obra, calificada de \u00abprovocaci\u00f3n\u00bb por la prensa conservadora espa\u00f1ola, se llama \u00abninot\u00bb, el t\u00e9rmino con que se conoce en Valencia a los mu\u00f1ecos de grandes dimensiones que cada a\u00f1o se queman en la fiesta grande de la ciudad, las Fallas.<\/p>\n<p style=\"text-align: justify\">La escultura est\u00e1 expuesta desde el martes en la feria ARCO de Madrid que, iron\u00edas de la historia, ser\u00e1 inaugurada este jueves por el rey en persona. Est\u00e1 a la venta por 200.000 euros, e incluye una peculiar cl\u00e1usula por la que el comprador \u00abse compromete a que la obra sea quemada\u00bb, explica a AFP Luis Navarro, colaborador de uno de los dos artistas, Santiago Sierra. El otro es Eugenio Merino.<\/p>\n<p style=\"text-align: justify\">\u00a0AFP<\/p>\n","protected":false},"excerpt":{"rendered":"<p>Doscientos mil euros por darse el \u00abplacer\u00bb de quemar una <a href=\"https:\/\/sertv.gob.pa\/crisolfm\/en-feria-de-arte-de-madrid-hay-controversia-por-estatua-inflamable-del-rey-felipe\/\"> [&#8230;]<\/a><\/p>\n","protected":false},"author":64,"featured_media":17709,"comment_status":"closed","ping_status":"closed","sticky":false,"template":"","format":"standard","meta":{"footnotes":""},"categories":[6],"tags":[],"class_list":["post-17707","post","type-post","status-publish","format-standard","has-post-thumbnail","hentry","category-culturales"],"_links":{"self":[{"href":"https:\/\/sertv.gob.pa\/crisolfm\/wp-json\/wp\/v2\/posts\/17707","targetHints":{"allow":["GET"]}}],"collection":[{"href":"https:\/\/sertv.gob.pa\/crisolfm\/wp-json\/wp\/v2\/posts"}],"about":[{"href":"https:\/\/sertv.gob.pa\/crisolfm\/wp-json\/wp\/v2\/types\/post"}],"author":[{"embeddable":true,"href":"https:\/\/sertv.gob.pa\/crisolfm\/wp-json\/wp\/v2\/users\/64"}],"replies":[{"embeddable":true,"href":"https:\/\/sertv.gob.pa\/crisolfm\/wp-json\/wp\/v2\/comments?post=17707"}],"version-history":[{"count":1,"href":"https:\/\/sertv.gob.pa\/crisolfm\/wp-json\/wp\/v2\/posts\/17707\/revisions"}],"predecessor-version":[{"id":17710,"href":"https:\/\/sertv.gob.pa\/crisolfm\/wp-json\/wp\/v2\/posts\/17707\/revisions\/17710"}],"wp:featuredmedia":[{"embeddable":true,"href":"https:\/\/sertv.gob.pa\/crisolfm\/wp-json\/wp\/v2\/media\/17709"}],"wp:attachment":[{"href":"https:\/\/sertv.gob.pa\/crisolfm\/wp-json\/wp\/v2\/media?parent=17707"}],"wp:term":[{"taxonomy":"category","embeddable":true,"href":"https:\/\/sertv.gob.pa\/crisolfm\/wp-json\/wp\/v2\/categories?post=17707"},{"taxonomy":"post_tag","embeddable":true,"href":"https:\/\/sertv.gob.pa\/crisolfm\/wp-json\/wp\/v2\/tags?post=17707"}],"curies":[{"name":"wp","href":"https:\/\/api.w.org\/{rel}","templated":true}]}}