{"id":17715,"date":"2019-02-28T12:39:27","date_gmt":"2019-02-28T12:39:27","guid":{"rendered":"https:\/\/sertv.gob.pa\/crisolfm\/?p=17715"},"modified":"2019-02-28T12:39:27","modified_gmt":"2019-02-28T12:39:27","slug":"margarita-henriquez-clasifica-a-la-final-de-la-competencia-folclorica-en-vina-del-mar","status":"publish","type":"post","link":"https:\/\/sertv.gob.pa\/crisolfm\/margarita-henriquez-clasifica-a-la-final-de-la-competencia-folclorica-en-vina-del-mar\/","title":{"rendered":"Margarita Henr\u00edquez clasifica a la final de la competencia folcl\u00f3rica en Vi\u00f1a del Mar"},"content":{"rendered":"<p style=\"text-align: justify\">La cantante paname\u00f1a Margarita Henr\u00edquez lo logr\u00f3. Con el tema \u201cMi tierra te llama\u201d clasific\u00f3 para la final de la competencia folcl\u00f3rica del Festival de la Canci\u00f3n de Vi\u00f1a del Mar, en su edici\u00f3n n\u00famero 60, al obtener un promedio de 6.4 puntos.<\/p>\n<p style=\"text-align: justify\">Benjam\u00edn Walker, de Chile, clasific\u00f3 en el primer lugar con la canci\u00f3n \u201cY arder\u00e1n\u201d y logr\u00f3 6.6 puntos: Margarita ocup\u00f3 el segundo puesto y de tercero clasific\u00f3 el tr\u00edo Destino San Javier, de Argentina con 6.3. La final es este viernes 1 de marzo, \u00faltimo d\u00eda del festival internacional.<\/p>\n<p style=\"text-align: justify\">\n","protected":false},"excerpt":{"rendered":"<p>La cantante paname\u00f1a Margarita Henr\u00edquez lo logr\u00f3. Con el tema <a href=\"https:\/\/sertv.gob.pa\/crisolfm\/margarita-henriquez-clasifica-a-la-final-de-la-competencia-folclorica-en-vina-del-mar\/\"> [&#8230;]<\/a><\/p>\n","protected":false},"author":64,"featured_media":17717,"comment_status":"closed","ping_status":"closed","sticky":false,"template":"","format":"standard","meta":{"footnotes":""},"categories":[6],"tags":[],"class_list":["post-17715","post","type-post","status-publish","format-standard","has-post-thumbnail","hentry","category-culturales"],"_links":{"self":[{"href":"https:\/\/sertv.gob.pa\/crisolfm\/wp-json\/wp\/v2\/posts\/17715","targetHints":{"allow":["GET"]}}],"collection":[{"href":"https:\/\/sertv.gob.pa\/crisolfm\/wp-json\/wp\/v2\/posts"}],"about":[{"href":"https:\/\/sertv.gob.pa\/crisolfm\/wp-json\/wp\/v2\/types\/post"}],"author":[{"embeddable":true,"href":"https:\/\/sertv.gob.pa\/crisolfm\/wp-json\/wp\/v2\/users\/64"}],"replies":[{"embeddable":true,"href":"https:\/\/sertv.gob.pa\/crisolfm\/wp-json\/wp\/v2\/comments?post=17715"}],"version-history":[{"count":1,"href":"https:\/\/sertv.gob.pa\/crisolfm\/wp-json\/wp\/v2\/posts\/17715\/revisions"}],"predecessor-version":[{"id":17718,"href":"https:\/\/sertv.gob.pa\/crisolfm\/wp-json\/wp\/v2\/posts\/17715\/revisions\/17718"}],"wp:featuredmedia":[{"embeddable":true,"href":"https:\/\/sertv.gob.pa\/crisolfm\/wp-json\/wp\/v2\/media\/17717"}],"wp:attachment":[{"href":"https:\/\/sertv.gob.pa\/crisolfm\/wp-json\/wp\/v2\/media?parent=17715"}],"wp:term":[{"taxonomy":"category","embeddable":true,"href":"https:\/\/sertv.gob.pa\/crisolfm\/wp-json\/wp\/v2\/categories?post=17715"},{"taxonomy":"post_tag","embeddable":true,"href":"https:\/\/sertv.gob.pa\/crisolfm\/wp-json\/wp\/v2\/tags?post=17715"}],"curies":[{"name":"wp","href":"https:\/\/api.w.org\/{rel}","templated":true}]}}